{"id":21675,"date":"2017-08-14T17:18:28","date_gmt":"2017-08-14T22:18:28","guid":{"rendered":"http:\/\/estado29.mx\/?p=21675"},"modified":"2017-08-14T17:36:37","modified_gmt":"2017-08-14T22:36:37","slug":"la-solicitud-del-inee-aplazar-prueba-atp-garantizar-las-necesidades-del-sistema-actual-camacho-higareda","status":"publish","type":"post","link":"https:\/\/estado29.mx\/?p=21675","title":{"rendered":"La solicitud del Inee para aplazar resultados de ATP garantiza las necesidades del sistema actual: Camacho Higareda"},"content":{"rendered":"<p><em>La Junta de Gobierno del Inee, determin\u00f3 que los instrumentos de la prueba no cumplen con los criterios t\u00e9cnicos establecidos por el propio Instituto<\/em><\/p>\n<p><em>\u00a0<\/em><\/p>\n<p>El titular de la Secretar\u00eda de Educaci\u00f3n P\u00fablica del Estado (Sepe), Manuel Camacho Higareda, asever\u00f3 que el aplazamiento de los resultados de la prueba de desempe\u00f1o aplicada a Asesores T\u00e9cnicos Pedag\u00f3gicos (ATP), que solicit\u00f3 el \u00a0Instituto Nacional de Evaluaci\u00f3n Educativa (Inee) se hace para garantizar que esta reflej\u00e9 las necesidades del sistema actual.<\/p>\n<p>&nbsp;<\/p>\n<p>Refiri\u00f3 que el documento sali\u00f3 en referencia a la evaluaci\u00f3n de los ATP, para que se pospusiera la calificaci\u00f3n de su evaluaci\u00f3n, esto, el pasado domingo, por lo que apenas se informan de manera m\u00e1s precisa sobre esta determinaci\u00f3n.<\/p>\n<p>&nbsp;<\/p>\n<p>\u201cSi se revisa bien el documento, por ah\u00ed se se\u00f1ala que no se afectar\u00e1 el estado laboral, ni de ingresos de los ATP que se evaluaron\u201d, complement\u00f3.<\/p>\n<p>&nbsp;<\/p>\n<p>Y es que la Junta de Gobierno del Inee, determin\u00f3 que los instrumentos de la prueba no cumplen con los criterios t\u00e9cnicos establecidos por el propio Instituto.<\/p>\n<p>&nbsp;<\/p>\n<p>En otro orden de ideas, Manuel Camacho, sin precisar inversi\u00f3n y n\u00famero de paquetes escolares que se van a distribuir a menores del nivel b\u00e1sico, asegur\u00f3 que esto se llevar\u00e1 a cabo, como cada inicio de ciclo escolar.<\/p>\n<p>&nbsp;<\/p>\n<p>&nbsp;<\/p>\n","protected":false},"excerpt":{"rendered":"<p>La Junta de Gobierno del Inee, determin\u00f3 que los instrumentos de la prueba no cumplen con los criterios t\u00e9cnicos establecidos por el propio Instituto \u00a0 El titular de la Secretar\u00eda de Educaci\u00f3n P\u00fablica del Estado (Sepe), Manuel Camacho Higareda, asever\u00f3 que el aplazamiento de los resultados de la prueba de desempe\u00f1o aplicada a Asesores T\u00e9cnicos [&hellip;]<\/p>\n","protected":false},"author":28,"featured_media":0,"comment_status":"open","ping_status":"open","sticky":false,"template":"","format":"standard","meta":{"om_disable_all_campaigns":false,"_monsterinsights_skip_tracking":false,"_monsterinsights_sitenote_active":false,"_monsterinsights_sitenote_note":"","_monsterinsights_sitenote_category":0,"jnews-multi-image_gallery":[],"jnews_single_post":[],"jnews_primary_category":[],"footnotes":""},"categories":[],"tags":[],"class_list":["post-21675","post","type-post","status-publish","format-standard","hentry"],"aioseo_notices":[],"_links":{"self":[{"href":"https:\/\/estado29.mx\/index.php?rest_route=\/wp\/v2\/posts\/21675","targetHints":{"allow":["GET"]}}],"collection":[{"href":"https:\/\/estado29.mx\/index.php?rest_route=\/wp\/v2\/posts"}],"about":[{"href":"https:\/\/estado29.mx\/index.php?rest_route=\/wp\/v2\/types\/post"}],"author":[{"embeddable":true,"href":"https:\/\/estado29.mx\/index.php?rest_route=\/wp\/v2\/users\/28"}],"replies":[{"embeddable":true,"href":"https:\/\/estado29.mx\/index.php?rest_route=%2Fwp%2Fv2%2Fcomments&post=21675"}],"version-history":[{"count":5,"href":"https:\/\/estado29.mx\/index.php?rest_route=\/wp\/v2\/posts\/21675\/revisions"}],"predecessor-version":[{"id":21684,"href":"https:\/\/estado29.mx\/index.php?rest_route=\/wp\/v2\/posts\/21675\/revisions\/21684"}],"wp:attachment":[{"href":"https:\/\/estado29.mx\/index.php?rest_route=%2Fwp%2Fv2%2Fmedia&parent=21675"}],"wp:term":[{"taxonomy":"category","embeddable":true,"href":"https:\/\/estado29.mx\/index.php?rest_route=%2Fwp%2Fv2%2Fcategories&post=21675"},{"taxonomy":"post_tag","embeddable":true,"href":"https:\/\/estado29.mx\/index.php?rest_route=%2Fwp%2Fv2%2Ftags&post=21675"}],"curies":[{"name":"wp","href":"https:\/\/api.w.org\/{rel}","templated":true}]}}