{"id":21794,"date":"2017-08-17T07:20:49","date_gmt":"2017-08-17T12:20:49","guid":{"rendered":"http:\/\/estado29.mx\/?p=21794"},"modified":"2017-08-17T07:20:49","modified_gmt":"2017-08-17T12:20:49","slug":"obtiene-pgje-vinculacion-a-proceso-tres-imputados-robo-calificado","status":"publish","type":"post","link":"https:\/\/estado29.mx\/?p=21794","title":{"rendered":"Obtiene PGJE vinculaci\u00f3n a proceso de tres imputados por robo calificado"},"content":{"rendered":"<p>Resultado del trabajo multidisciplinario a cargo de las diferentes \u00e1reas de la Procuradur\u00eda General de Justicia del Estado (PGJE) se consigui\u00f3 que tres personas fueran vinculadas a proceso por el delito de robo calificado, ya que presuntamente estuvieron involucradas en el robo con violencia a un consultorio m\u00e9dico ubicado en el municipio de Ixtacuixtla. <\/p>\n<p>El 10 de agosto se desahog\u00f3 la audiencia inicial de dicho proceso, donde el Agente del Ministerio P\u00fablico precis\u00f3 los hechos que dieron pauta para que se iniciara la Carpeta de Investigaci\u00f3n correspondiente por el delito de robo calificado y en contra de Janette N., Luis N., y Miguel N.<\/p>\n<p>Lo anterior, ya que el 7 de agosto, los tres imputados presuntamente perpetraron un robo con violencia en un consultorio m\u00e9dico particular ubicado en el municipio de Ixtacuixtla, por lo que fueron asegurados por elementos de la Comisi\u00f3n Estatal de Seguridad (CES).<\/p>\n<p>Por ello, el fiscal consigui\u00f3 que el Juez impusiera como medida cautelar prisi\u00f3n preventiva para las tres personas; en tanto, en la reanudaci\u00f3n de la audiencia, la autoridad judicial valid\u00f3 los argumentos expuestos por el Representante Social, por lo que consider\u00f3 procedente la vinculaci\u00f3n a proceso de los imputados. <\/p>\n<p>Luego del fallo, el Agente del Ministerio P\u00fablico solicit\u00f3 un plazo de cierre de investigaci\u00f3n, a fin de recabar los datos de prueba respectivos, petici\u00f3n que fue aceptada por la Juez, que otorg\u00f3 tres meses.<\/p>\n<p>La Procuradur\u00eda de Tlaxcala ratifica el esfuerzo mantenido por cada uno de los elementos operativos de la dependencia, de trabajar con estricto apego a derecho y siguiendo todas las etapas procesales, a fin de brindar certeza jur\u00eddica a imputados y agraviados. <\/p>\n","protected":false},"excerpt":{"rendered":"<p>Resultado del trabajo multidisciplinario a cargo de las diferentes \u00e1reas de la Procuradur\u00eda General de Justicia del Estado (PGJE) se consigui\u00f3 que tres personas fueran vinculadas a proceso por el delito de robo calificado, ya que presuntamente estuvieron involucradas en el robo con violencia a un consultorio m\u00e9dico ubicado en el municipio de Ixtacuixtla. El [&hellip;]<\/p>\n","protected":false},"author":12,"featured_media":0,"comment_status":"open","ping_status":"open","sticky":false,"template":"","format":"standard","meta":{"om_disable_all_campaigns":false,"_monsterinsights_skip_tracking":false,"_monsterinsights_sitenote_active":false,"_monsterinsights_sitenote_note":"","_monsterinsights_sitenote_category":0,"jnews-multi-image_gallery":[],"jnews_single_post":[],"jnews_primary_category":[],"footnotes":""},"categories":[],"tags":[],"class_list":["post-21794","post","type-post","status-publish","format-standard","hentry"],"aioseo_notices":[],"_links":{"self":[{"href":"https:\/\/estado29.mx\/index.php?rest_route=\/wp\/v2\/posts\/21794","targetHints":{"allow":["GET"]}}],"collection":[{"href":"https:\/\/estado29.mx\/index.php?rest_route=\/wp\/v2\/posts"}],"about":[{"href":"https:\/\/estado29.mx\/index.php?rest_route=\/wp\/v2\/types\/post"}],"author":[{"embeddable":true,"href":"https:\/\/estado29.mx\/index.php?rest_route=\/wp\/v2\/users\/12"}],"replies":[{"embeddable":true,"href":"https:\/\/estado29.mx\/index.php?rest_route=%2Fwp%2Fv2%2Fcomments&post=21794"}],"version-history":[{"count":1,"href":"https:\/\/estado29.mx\/index.php?rest_route=\/wp\/v2\/posts\/21794\/revisions"}],"predecessor-version":[{"id":21796,"href":"https:\/\/estado29.mx\/index.php?rest_route=\/wp\/v2\/posts\/21794\/revisions\/21796"}],"wp:attachment":[{"href":"https:\/\/estado29.mx\/index.php?rest_route=%2Fwp%2Fv2%2Fmedia&parent=21794"}],"wp:term":[{"taxonomy":"category","embeddable":true,"href":"https:\/\/estado29.mx\/index.php?rest_route=%2Fwp%2Fv2%2Fcategories&post=21794"},{"taxonomy":"post_tag","embeddable":true,"href":"https:\/\/estado29.mx\/index.php?rest_route=%2Fwp%2Fv2%2Ftags&post=21794"}],"curies":[{"name":"wp","href":"https:\/\/api.w.org\/{rel}","templated":true}]}}