{"id":21798,"date":"2017-08-17T07:23:30","date_gmt":"2017-08-17T12:23:30","guid":{"rendered":"http:\/\/estado29.mx\/?p=21798"},"modified":"2017-08-17T07:23:30","modified_gmt":"2017-08-17T12:23:30","slug":"presentan-gppan-iniciativa-adecuar-comparecencias-servidores-publicos","status":"publish","type":"post","link":"https:\/\/estado29.mx\/?p=21798","title":{"rendered":"Presentan GPPAN iniciativa para adecuar comparecencias de servidores p\u00fablicos."},"content":{"rendered":"<p>Los diputados Dulce Mar\u00eda Mastranzo Corona, Juan Carlos S\u00e1nchez Garc\u00eda, Mar\u00eda Guadalupe S\u00e1nchez Santiago a trav\u00e9s de su coordinador parlamentario el diputado Carlos Morales Badillo en su calidad de coordinador del Grupo Parlamentario del Partido Acci\u00f3n Nacional de la LXII Legislatura, present\u00f3 ante el pleno del congreso la iniciativa con proyecto de decreto por la que se reforma la Fracci\u00f3n XX del art\u00edculo 54 de la Constituci\u00f3n Pol\u00edtica del Estado Libre y Soberano de Tlaxcala. <\/p>\n<p>En este sentido, el grupo del albiazul busca suprimir la necesidad de solicitar al Poder Ejecutivo la comparecencia  de los titulares de los \u00f3rganos centralizados y descentralizados, a efecto de que en su caso rindan un informe detallado sobre su actuar al frente de las diversas dependencias, en caso de que el Poder Legislativo as\u00ed lo requiera.<\/p>\n<p>Morales Badillo , destac\u00f3 la necesidad de suprimir el protocolo de solicitar al titular del ejecutivo, ya que el poder legislativo en su facultad de control y fiscalizaci\u00f3n no tiene la necesidad de solicitar, tiene la obligaci\u00f3n de exigir que los servidores p\u00fablicos dirijan su actuar y trabajo as\u00ed como los recursos que se les designan, los inviertan para los fines que les fueron entregados y de no ser as\u00ed que se les castigue con apego a derecho como lo establece el art\u00edculo 67 de la Constituci\u00f3n Pol\u00edtica del Estado Libre y Soberano de Tlaxcala, que prev\u00e9 la  responsabilidad del titular de cada dependencia centralizada o descentralizada del uso correcto del presupuesto que se ejerza en su \u00e1rea.<\/p>\n","protected":false},"excerpt":{"rendered":"<p>Los diputados Dulce Mar\u00eda Mastranzo Corona, Juan Carlos S\u00e1nchez Garc\u00eda, Mar\u00eda Guadalupe S\u00e1nchez Santiago a trav\u00e9s de su coordinador parlamentario el diputado Carlos Morales Badillo en su calidad de coordinador del Grupo Parlamentario del Partido Acci\u00f3n Nacional de la LXII Legislatura, present\u00f3 ante el pleno del congreso la iniciativa con proyecto de decreto por la [&hellip;]<\/p>\n","protected":false},"author":12,"featured_media":0,"comment_status":"open","ping_status":"open","sticky":false,"template":"","format":"standard","meta":{"om_disable_all_campaigns":false,"_monsterinsights_skip_tracking":false,"_monsterinsights_sitenote_active":false,"_monsterinsights_sitenote_note":"","_monsterinsights_sitenote_category":0,"jnews-multi-image_gallery":[],"jnews_single_post":[],"jnews_primary_category":[],"footnotes":""},"categories":[],"tags":[],"class_list":["post-21798","post","type-post","status-publish","format-standard","hentry"],"aioseo_notices":[],"_links":{"self":[{"href":"https:\/\/estado29.mx\/index.php?rest_route=\/wp\/v2\/posts\/21798","targetHints":{"allow":["GET"]}}],"collection":[{"href":"https:\/\/estado29.mx\/index.php?rest_route=\/wp\/v2\/posts"}],"about":[{"href":"https:\/\/estado29.mx\/index.php?rest_route=\/wp\/v2\/types\/post"}],"author":[{"embeddable":true,"href":"https:\/\/estado29.mx\/index.php?rest_route=\/wp\/v2\/users\/12"}],"replies":[{"embeddable":true,"href":"https:\/\/estado29.mx\/index.php?rest_route=%2Fwp%2Fv2%2Fcomments&post=21798"}],"version-history":[{"count":1,"href":"https:\/\/estado29.mx\/index.php?rest_route=\/wp\/v2\/posts\/21798\/revisions"}],"predecessor-version":[{"id":21800,"href":"https:\/\/estado29.mx\/index.php?rest_route=\/wp\/v2\/posts\/21798\/revisions\/21800"}],"wp:attachment":[{"href":"https:\/\/estado29.mx\/index.php?rest_route=%2Fwp%2Fv2%2Fmedia&parent=21798"}],"wp:term":[{"taxonomy":"category","embeddable":true,"href":"https:\/\/estado29.mx\/index.php?rest_route=%2Fwp%2Fv2%2Fcategories&post=21798"},{"taxonomy":"post_tag","embeddable":true,"href":"https:\/\/estado29.mx\/index.php?rest_route=%2Fwp%2Fv2%2Ftags&post=21798"}],"curies":[{"name":"wp","href":"https:\/\/api.w.org\/{rel}","templated":true}]}}