{"id":21801,"date":"2017-08-17T07:25:44","date_gmt":"2017-08-17T12:25:44","guid":{"rendered":"http:\/\/estado29.mx\/?p=21801"},"modified":"2017-08-17T07:25:44","modified_gmt":"2017-08-17T12:25:44","slug":"empoderar-a-los-jovenes-en-politica-en-tlaxcala-propone-diputado-juan-carlos-sanchez","status":"publish","type":"post","link":"https:\/\/estado29.mx\/?p=21801","title":{"rendered":"Empoderar a los j\u00f3venes en pol\u00edtica en Tlaxcala propone diputado Juan Carlos S\u00e1nchez"},"content":{"rendered":"<p>Los partidos pol\u00edticos deber\u00e1n postular en sus listas un 20% de menores de 26 a\u00f1os, en candidaturas de mayor\u00eda relativa y representaci\u00f3n proporcional, para el Congreso local e integrantes de Ayuntamientos.<br \/>\nDebido a que los j\u00f3venes son un sector que apuntalan el desarrollo de una sociedad, y que tengan oportunidad de participar en las agendas p\u00fablicas, el diputado Juan Carlos S\u00e1nchez Garc\u00eda, del Grupo Parlamentario del Partido Acci\u00f3n Nacional propondr\u00e1 ante el pleno del Congreso, una iniciativa con proyecto de decreto para asegurar la inclusi\u00f3n de los j\u00f3venes en el Congreso del Estado y los ayuntamientos.<\/p>\n<p>S\u00e1nchez Garc\u00eda detall\u00f3 que la participaci\u00f3n de los j\u00f3venes influye positivamente en el contexto social en que participan, pues su caracter\u00edstica esencial es la energ\u00eda, dinamismo y entrega en el ejercicio de sus responsabilidades.<\/p>\n<p>Ante ello, consider\u00f3 necesario garantizar la inclusi\u00f3n de una cuota de j\u00f3venes en la integraci\u00f3n de la Legislatura Local y los Ayuntamientos, \u201cpromoviendo su participaci\u00f3n efectiva en la vida social, en la direcci\u00f3n de los asuntos p\u00fablicos y en los procesos de toma de decisiones, generando condiciones de equidad en la representaci\u00f3n social\u201d.<\/p>\n<p>Dijo que resulta incongruente y contradictorio que los j\u00f3venes encuentren l\u00edmites en el acceso al poder pol\u00edtico y afirm\u00f3 que no es justo que en el trabajo proselitista est\u00e9n al frente y que en el ejercicio del poder se les excluya. <\/p>\n<p>\u201cEs necesario que ejerzan el poder para equilibrar la experiencia con la juventud, para conciliar los leg\u00edtimos intereses y las naturales diferencias entre los diversos sectores de la sociedad\u201d, asever\u00f3.<br \/>\nDestac\u00f3 que tambi\u00e9n es necesario se\u00f1alar que la Constituci\u00f3n Pol\u00edtica de los Estados Unidos Mexicanos, consagra en su art\u00edculo 1o. el derecho a la no discriminaci\u00f3n y la igualdad de oportunidades para participar en la direcci\u00f3n de los asuntos p\u00fablicos, directamente o trav\u00e9s de sus representantes libremente elegidos. <\/p>\n<p>\u201cLa iniciativa que proponemos es para asegurar la inclusi\u00f3n de los j\u00f3venes en el Congreso del Estado y en los Ayuntamientos, es una propuesta que debemos impulsar para empoderar a los j\u00f3venes, porque representa la oportunidad de escuchar ideas frescas y transformadoras, adem\u00e1s porque la participaci\u00f3n de la juventud legitima las decisiones ante la sociedad, pues tienen su origen en la inclusi\u00f3n de la diversidad ideol\u00f3gica\u201d, subray\u00f3.<\/p>\n<p>Expres\u00f3 que de aceptarse la reforma del art\u00edculo 95 de la Constituci\u00f3n Pol\u00edtica de los Estados Unidos Mexicanos, se garantiza que, en las candidaturas para diputados por el principio de representaci\u00f3n proporcional, por lo menos dos f\u00f3rmulas de las diez que integran la lista completa, corresponder\u00e1n a j\u00f3venes.<\/p>\n<p>Adem\u00e1s de que en las candidaturas para diputados por el principio de mayor\u00eda relativa, por lo menos el 20% del total, corresponder\u00e1 a j\u00f3venes y en las candidaturas para ayuntamientos, por lo menos el 20% de las f\u00f3rmulas que integran la planilla completa, estar\u00e1 representada por j\u00f3venes.<\/p>\n","protected":false},"excerpt":{"rendered":"<p>Los partidos pol\u00edticos deber\u00e1n postular en sus listas un 20% de menores de 26 a\u00f1os, en candidaturas de mayor\u00eda relativa y representaci\u00f3n proporcional, para el Congreso local e integrantes de Ayuntamientos. Debido a que los j\u00f3venes son un sector que apuntalan el desarrollo de una sociedad, y que tengan oportunidad de participar en las agendas [&hellip;]<\/p>\n","protected":false},"author":12,"featured_media":0,"comment_status":"open","ping_status":"open","sticky":false,"template":"","format":"standard","meta":{"om_disable_all_campaigns":false,"_monsterinsights_skip_tracking":false,"_monsterinsights_sitenote_active":false,"_monsterinsights_sitenote_note":"","_monsterinsights_sitenote_category":0,"jnews-multi-image_gallery":[],"jnews_single_post":[],"jnews_primary_category":[],"footnotes":""},"categories":[],"tags":[],"class_list":["post-21801","post","type-post","status-publish","format-standard","hentry"],"aioseo_notices":[],"_links":{"self":[{"href":"https:\/\/estado29.mx\/index.php?rest_route=\/wp\/v2\/posts\/21801","targetHints":{"allow":["GET"]}}],"collection":[{"href":"https:\/\/estado29.mx\/index.php?rest_route=\/wp\/v2\/posts"}],"about":[{"href":"https:\/\/estado29.mx\/index.php?rest_route=\/wp\/v2\/types\/post"}],"author":[{"embeddable":true,"href":"https:\/\/estado29.mx\/index.php?rest_route=\/wp\/v2\/users\/12"}],"replies":[{"embeddable":true,"href":"https:\/\/estado29.mx\/index.php?rest_route=%2Fwp%2Fv2%2Fcomments&post=21801"}],"version-history":[{"count":1,"href":"https:\/\/estado29.mx\/index.php?rest_route=\/wp\/v2\/posts\/21801\/revisions"}],"predecessor-version":[{"id":21803,"href":"https:\/\/estado29.mx\/index.php?rest_route=\/wp\/v2\/posts\/21801\/revisions\/21803"}],"wp:attachment":[{"href":"https:\/\/estado29.mx\/index.php?rest_route=%2Fwp%2Fv2%2Fmedia&parent=21801"}],"wp:term":[{"taxonomy":"category","embeddable":true,"href":"https:\/\/estado29.mx\/index.php?rest_route=%2Fwp%2Fv2%2Fcategories&post=21801"},{"taxonomy":"post_tag","embeddable":true,"href":"https:\/\/estado29.mx\/index.php?rest_route=%2Fwp%2Fv2%2Ftags&post=21801"}],"curies":[{"name":"wp","href":"https:\/\/api.w.org\/{rel}","templated":true}]}}