{"id":44767,"date":"2019-03-11T16:13:26","date_gmt":"2019-03-11T22:13:26","guid":{"rendered":"http:\/\/estado29.mx\/?p=44767"},"modified":"2019-03-12T11:56:38","modified_gmt":"2019-03-12T17:56:38","slug":"presentan-diputados-del-pan-amparo-contra-el-recorte-a-estancias-infantiles","status":"publish","type":"post","link":"https:\/\/estado29.mx\/?p=44767","title":{"rendered":"\ufeffPresentan diputados del PAN amparo contra el recorte a Estancias Infantiles"},"content":{"rendered":"\n<p><br><\/p>\n\n\n\n<p>Los diputados locales del Partido Acci\u00f3n Nacional (PAN), Leticia Hern\u00e1ndez P\u00e9rez y Omar Milton L\u00f3pez Avenda\u00f1o presentaron en el Juzgado de Distrito del Poder Judicial de la Federaci\u00f3n un amparo en contra del recorte al programa Estancias Infantiles, con el prop\u00f3sito de echar atr\u00e1s las nuevas reglas de operaci\u00f3n y la reasignaci\u00f3n de recursos para frenar el cierre de guarder\u00edas y respeto a la primera infancia. <\/p>\n\n\n\n<p>Acompa\u00f1ados por responsables y empleadas de algunas\nestancias, los diputados acudieron a Ciudad Judicial que est\u00e1 ubicada en la\ncomunidad de Santa Anita Huiloac, municipio de Apizaco, para presentar de\nmanera oficial el mecanismo legal bajo el argumento de que no puede haber\nretroceso en los derechos que ya fueron adquiridos, por tanto est\u00e1n pidiendo el\npresupuesto espec\u00edfico que fue concretado el 28 de febrero cuando fueron\npublicadas las reglas de operaci\u00f3n. <\/p>\n\n\n\n<p>Los legisladores locales, fueron acompa\u00f1ados de la Legisladora\nFederal, Adriana D\u00e1vila quien declar\u00f3 que \u201cno puede permitirse que un programa\nque es reconocido internacionalmente, sufra un retroceso en este momento, por\neso estamos presentando el amparo colectivo que firman Leticia Hern\u00e1ndez y\nMilton L\u00f3pez junto con 116 representantes de las estancias infantiles, de 233,\nel amparo que presentamos es colectivo no de manera individual por lo que de\nconcederse el beneficio ser\u00e1 para todas las estancias hayan firmado o no\u201d. <\/p>\n\n\n\n<p>Subrayaron que las representantes de las estancias han\nluchado para proteger los derechos no solo de otras mujeres sino tambi\u00e9n de las\nni\u00f1as y ni\u00f1os que son beneficiarios del programa que en Tlaxcala son m\u00e1s de\nsiete mil menores de edad. <\/p>\n\n\n\n<p>Aseguraron que este no es un asunto con tinte partidista\nsino de&nbsp; respeto a los derechos de la\nprimera infancia, ya que al momento algunas guarder\u00edas han tenido que cerrar\npor la falta de subsidio, y en otros casos las mujeres encargadas han decidido\ninvertir para evitar da\u00f1ar a los ni\u00f1os sin la garant\u00eda de que ese dinero lo\nvayan a recuperas. <\/p>\n\n\n\n<p>Comentaron que a nivel nacional hay organizaciones\nciviles, autoridades de todos los niveles, grupos de mujeres, representantes de\ntodos los partidos pol\u00edticos, &nbsp;y otras\ninstancias las que est\u00e1n luchando a trav\u00e9s de la v\u00eda legal para frenar el\nrecorte presupuestal al programa.<\/p>\n","protected":false},"excerpt":{"rendered":"<p>Los diputados locales del Partido Acci\u00f3n Nacional (PAN), Leticia Hern\u00e1ndez P\u00e9rez y Omar Milton L\u00f3pez Avenda\u00f1o presentaron en el Juzgado de Distrito del Poder Judicial de la Federaci\u00f3n un amparo en contra del recorte al programa Estancias Infantiles, con el prop\u00f3sito de echar atr\u00e1s las nuevas reglas de operaci\u00f3n y la reasignaci\u00f3n de recursos para [&hellip;]<\/p>\n","protected":false},"author":31,"featured_media":0,"comment_status":"open","ping_status":"open","sticky":false,"template":"","format":"standard","meta":{"om_disable_all_campaigns":false,"_monsterinsights_skip_tracking":false,"_monsterinsights_sitenote_active":false,"_monsterinsights_sitenote_note":"","_monsterinsights_sitenote_category":0,"jnews-multi-image_gallery":[],"jnews_single_post":[],"jnews_primary_category":[],"footnotes":""},"categories":[],"tags":[],"class_list":["post-44767","post","type-post","status-publish","format-standard","hentry"],"aioseo_notices":[],"_links":{"self":[{"href":"https:\/\/estado29.mx\/index.php?rest_route=\/wp\/v2\/posts\/44767","targetHints":{"allow":["GET"]}}],"collection":[{"href":"https:\/\/estado29.mx\/index.php?rest_route=\/wp\/v2\/posts"}],"about":[{"href":"https:\/\/estado29.mx\/index.php?rest_route=\/wp\/v2\/types\/post"}],"author":[{"embeddable":true,"href":"https:\/\/estado29.mx\/index.php?rest_route=\/wp\/v2\/users\/31"}],"replies":[{"embeddable":true,"href":"https:\/\/estado29.mx\/index.php?rest_route=%2Fwp%2Fv2%2Fcomments&post=44767"}],"version-history":[{"count":1,"href":"https:\/\/estado29.mx\/index.php?rest_route=\/wp\/v2\/posts\/44767\/revisions"}],"predecessor-version":[{"id":44770,"href":"https:\/\/estado29.mx\/index.php?rest_route=\/wp\/v2\/posts\/44767\/revisions\/44770"}],"wp:attachment":[{"href":"https:\/\/estado29.mx\/index.php?rest_route=%2Fwp%2Fv2%2Fmedia&parent=44767"}],"wp:term":[{"taxonomy":"category","embeddable":true,"href":"https:\/\/estado29.mx\/index.php?rest_route=%2Fwp%2Fv2%2Fcategories&post=44767"},{"taxonomy":"post_tag","embeddable":true,"href":"https:\/\/estado29.mx\/index.php?rest_route=%2Fwp%2Fv2%2Ftags&post=44767"}],"curies":[{"name":"wp","href":"https:\/\/api.w.org\/{rel}","templated":true}]}}