{"id":44781,"date":"2019-03-12T07:25:34","date_gmt":"2019-03-12T13:25:34","guid":{"rendered":"http:\/\/estado29.mx\/?p=44781"},"modified":"2019-03-12T07:25:51","modified_gmt":"2019-03-12T13:25:51","slug":"%ef%bb%bfentrega-presidente-municipal-de-huamantla-camion-recolector-de-residuos-solidos","status":"publish","type":"post","link":"https:\/\/estado29.mx\/?p=44781","title":{"rendered":"\ufeffEntrega Presidente Municipal de Huamantla cami\u00f3n recolector de residuos s\u00f3lidos."},"content":{"rendered":"\n<p>Huamantla, Tlax.- Con el objetivo de mejorar las condiciones de limpieza del municipio de Huamantla y apoyar en la recolecci\u00f3n de los residuos s\u00f3lidos, \u00a0es que el Presidente Municipal de Huamantla, Jorge S\u00e1nchez Jasso, dio el banderazo de salida a una unidad nueva, cuya inversi\u00f3n fue de un mill\u00f3n 750 mil pesos y que se adquiri\u00f3 a trav\u00e9s de recursos del programa Fondo de Aportaciones para el Fortalecimiento de los Municipios, (FORTAMUN).<\/p>\n\n\n\n<p>Esta unidad 2019, brindar\u00e1 servicios espec\u00edficos durante los mi\u00e9rcoles de tianguis, viernes de cuaresma, feria, y en el mercado municipal, entre otros servicios y seg\u00fan sean los requerimientos de la poblaci\u00f3n, al referir que no tendr\u00e1 una ruta fija, sino ser\u00e1 una unidad auxiliar para apoyar a la poblaci\u00f3n y evitar montoneras de desechos.<\/p>\n\n\n\n<p>En el acto que se desarroll\u00f3 al t\u00e9rmino del homenaje al L\u00e1baro Patrio y en la que participaron los alumnos de la escuela telesecundaria Fernando Montes de Oca, el alcalde reconoci\u00f3 el trabajo de las personas que se dedican a la recolecci\u00f3n de residuos s\u00f3lidos, al manifestar que si bien es su trabajo, tambi\u00e9n es fundamental la cultura de los ciudadanos para depositar los desechos en su lugar.<\/p>\n\n\n\n<p>\u201cDebemos tomar en cuenta que la limpieza de la ciudad no empezar\u00e1 por la gente de residuos s\u00f3lidos, sino por la cultura de limpieza que tengamos todos los ciudadanos, por eso exhorto a los huamantlecos a que limpiemos nuestra ciudad y que la labor del Ayuntamiento sea una labor auxiliar y una labor en la que tambi\u00e9n podamos cooperar como ciudadanos no arrojando basura en nuestra ciudad\u201d. Finaliz\u00f3 el Alcalde.<\/p>\n\n\n\n<p>Cabe mencionar que a dicho acto tambi\u00e9n se dieron cita: la Secretaria del Ayuntamiento, Mar\u00eda Tita Mendoza Machuca; Regidores; presidentes de comunidad; directivos, alumnos y padres de familia de la escuela Telesecundaria Fernando Montes de Oca.&nbsp;<br><\/p>\n","protected":false},"excerpt":{"rendered":"<p>Huamantla, Tlax.- Con el objetivo de mejorar las condiciones de limpieza del municipio de Huamantla y apoyar en la recolecci\u00f3n de los residuos s\u00f3lidos, \u00a0es que el Presidente Municipal de Huamantla, Jorge S\u00e1nchez Jasso, dio el banderazo de salida a una unidad nueva, cuya inversi\u00f3n fue de un mill\u00f3n 750 mil pesos y que se [&hellip;]<\/p>\n","protected":false},"author":12,"featured_media":0,"comment_status":"open","ping_status":"open","sticky":false,"template":"","format":"standard","meta":{"om_disable_all_campaigns":false,"_monsterinsights_skip_tracking":false,"_monsterinsights_sitenote_active":false,"_monsterinsights_sitenote_note":"","_monsterinsights_sitenote_category":0,"jnews-multi-image_gallery":[],"jnews_single_post":[],"jnews_primary_category":[],"footnotes":""},"categories":[],"tags":[],"class_list":["post-44781","post","type-post","status-publish","format-standard","hentry"],"aioseo_notices":[],"_links":{"self":[{"href":"https:\/\/estado29.mx\/index.php?rest_route=\/wp\/v2\/posts\/44781","targetHints":{"allow":["GET"]}}],"collection":[{"href":"https:\/\/estado29.mx\/index.php?rest_route=\/wp\/v2\/posts"}],"about":[{"href":"https:\/\/estado29.mx\/index.php?rest_route=\/wp\/v2\/types\/post"}],"author":[{"embeddable":true,"href":"https:\/\/estado29.mx\/index.php?rest_route=\/wp\/v2\/users\/12"}],"replies":[{"embeddable":true,"href":"https:\/\/estado29.mx\/index.php?rest_route=%2Fwp%2Fv2%2Fcomments&post=44781"}],"version-history":[{"count":1,"href":"https:\/\/estado29.mx\/index.php?rest_route=\/wp\/v2\/posts\/44781\/revisions"}],"predecessor-version":[{"id":44784,"href":"https:\/\/estado29.mx\/index.php?rest_route=\/wp\/v2\/posts\/44781\/revisions\/44784"}],"wp:attachment":[{"href":"https:\/\/estado29.mx\/index.php?rest_route=%2Fwp%2Fv2%2Fmedia&parent=44781"}],"wp:term":[{"taxonomy":"category","embeddable":true,"href":"https:\/\/estado29.mx\/index.php?rest_route=%2Fwp%2Fv2%2Fcategories&post=44781"},{"taxonomy":"post_tag","embeddable":true,"href":"https:\/\/estado29.mx\/index.php?rest_route=%2Fwp%2Fv2%2Ftags&post=44781"}],"curies":[{"name":"wp","href":"https:\/\/api.w.org\/{rel}","templated":true}]}}