{"id":44785,"date":"2019-03-12T07:28:27","date_gmt":"2019-03-12T13:28:27","guid":{"rendered":"http:\/\/estado29.mx\/?p=44785"},"modified":"2019-03-12T07:28:49","modified_gmt":"2019-03-12T13:28:49","slug":"esclarece-pgje-feminicidio-ocurrido-en-acuitlapilco","status":"publish","type":"post","link":"https:\/\/estado29.mx\/?p=44785","title":{"rendered":"Esclarece PGJE feminicidio ocurrido en Acuitlapilco"},"content":{"rendered":"\n<p><strong>E<\/strong><em>Adem\u00e1s, de acuerdo al trabajo de la Polic\u00eda de Investigaci\u00f3n se logr\u00f3 establecer que el imputado particip\u00f3 en un secuestro cometido en el estado de Morelos.<\/em><\/p>\n\n\n\n<p>A trav\u00e9s de investigaciones y diligencias especializadas, la Procuradur\u00eda General de Justicia del Estado (PGJE) esclareci\u00f3 el feminicidio cometido en la comunidad de Acuitlapilco con la aprehensi\u00f3n de&nbsp; Francisco N., y\/o Alejandro N., pareja de la v\u00edctima y presunto autor material del hecho.<\/p>\n\n\n\n<p>El pasado 3 de marzo, el&nbsp;servicio de emergencias 911 report\u00f3 la existencia de un cuerpo sin vida del sexo femenino en el interior de un predio ubicado en la comunidad de&nbsp;Acuitlapilco, municipio de Tlaxcala, el cual presentaba signos de violencia.&nbsp;<\/p>\n\n\n\n<p>Una vez que se tom\u00f3 conocimiento del hecho, el Agente del Ministerio P\u00fablico, peritos en sus diferentes ramas y oficiales de la Polic\u00eda de Investigaci\u00f3n procesaron la escena del hallazgo y llevaron a cabo las primeras indagatorias por el delito de homicidio calificado.<\/p>\n\n\n\n<p>Posteriormente, el grupo multidisciplinario de la PGJE continu\u00f3 realizando actos y t\u00e9cnicas de investigaci\u00f3n que permitieron establecer la probable responsabilidad del c\u00f3nyuge de la hoy occisa, quien de acuerdo a la mec\u00e1nica de hechos, la golpe\u00f3 en la cabeza tras una discusi\u00f3n, para posteriormente asfixiarla hasta provocarle la muerte.<\/p>\n\n\n\n<p>Adicionalmente, se tuvo conocimiento que la afectada sufr\u00eda violencia intrafamiliar por parte del imputado.<\/p>\n\n\n\n<p>Con esta informaci\u00f3n, el 7 de marzo, Francisco N., y\/o Alejandro N., fue capturado por la Polic\u00eda de Investigaci\u00f3n en el barrio El Calvario, perteneciente al municipio de Ixtacuixtla, quien adem\u00e1s llevaba consigo droga conocida como cristal, por lo que fue puesto a disposici\u00f3n del Representante Social.<\/p>\n\n\n\n<p>Como parte del seguimiento a la Carpeta de Investigaci\u00f3n, el Agente del Ministerio P\u00fablico reconfigur\u00f3&nbsp; el delito ya que acredit\u00f3 la conducta desplegada por el imputado, por lo que solicit\u00f3 a la autoridad jurisdiccional la orden de aprehensi\u00f3n por el delito de feminicidio, la cual fue cumplimentada por la Polic\u00eda de Investigaci\u00f3n.<\/p>\n\n\n\n<p>Asimismo, durante el desahogo de la audiencia inicial, el activo del delito se acogi\u00f3 a la duplicidad del t\u00e9rmino constitucional y ser\u00e1 el 13 de marzo la fecha de la continuaci\u00f3n de la audiencia; en tanto, permanecer\u00e1 en prisi\u00f3n preventiva durante su procedimiento.<\/p>\n\n\n\n<p>Cabe destacar que resultado del trabajo de la Polic\u00eda de Investigaci\u00f3n, se logr\u00f3 descubrir que Francisco N., y\/o Alejandro N., particip\u00f3 en un secuestro cometido en el estado de Morelos, ya que cuenta con una orden de aprehensi\u00f3n vigente, por lo que una vez que culmine su procedimiento legal en Tlaxcala, ser\u00e1 trasladado a territorio morelense para enfrentar el proceso legal pendiente.<\/p>\n\n\n\n<p>Con estos resultados, la Procuradur\u00eda General de Justicia del Estado lleva a cabo un avance importante para erradicar conductas de agresi\u00f3n hacia las mujeres, adem\u00e1s refrenda el compromiso de utilizar todos los instrumentos legales a su alcance para tipificar las muertes de mujeres como feminicidios, una vez que se tengan los elementos contundentes para hacerlo.<\/p>\n","protected":false},"excerpt":{"rendered":"<p>EAdem\u00e1s, de acuerdo al trabajo de la Polic\u00eda de Investigaci\u00f3n se logr\u00f3 establecer que el imputado particip\u00f3 en un secuestro cometido en el estado de Morelos. A trav\u00e9s de investigaciones y diligencias especializadas, la Procuradur\u00eda General de Justicia del Estado (PGJE) esclareci\u00f3 el feminicidio cometido en la comunidad de Acuitlapilco con la aprehensi\u00f3n de&nbsp; Francisco [&hellip;]<\/p>\n","protected":false},"author":12,"featured_media":0,"comment_status":"open","ping_status":"open","sticky":false,"template":"","format":"standard","meta":{"om_disable_all_campaigns":false,"_monsterinsights_skip_tracking":false,"_monsterinsights_sitenote_active":false,"_monsterinsights_sitenote_note":"","_monsterinsights_sitenote_category":0,"jnews-multi-image_gallery":[],"jnews_single_post":[],"jnews_primary_category":[],"footnotes":""},"categories":[],"tags":[],"class_list":["post-44785","post","type-post","status-publish","format-standard","hentry"],"aioseo_notices":[],"_links":{"self":[{"href":"https:\/\/estado29.mx\/index.php?rest_route=\/wp\/v2\/posts\/44785","targetHints":{"allow":["GET"]}}],"collection":[{"href":"https:\/\/estado29.mx\/index.php?rest_route=\/wp\/v2\/posts"}],"about":[{"href":"https:\/\/estado29.mx\/index.php?rest_route=\/wp\/v2\/types\/post"}],"author":[{"embeddable":true,"href":"https:\/\/estado29.mx\/index.php?rest_route=\/wp\/v2\/users\/12"}],"replies":[{"embeddable":true,"href":"https:\/\/estado29.mx\/index.php?rest_route=%2Fwp%2Fv2%2Fcomments&post=44785"}],"version-history":[{"count":1,"href":"https:\/\/estado29.mx\/index.php?rest_route=\/wp\/v2\/posts\/44785\/revisions"}],"predecessor-version":[{"id":44788,"href":"https:\/\/estado29.mx\/index.php?rest_route=\/wp\/v2\/posts\/44785\/revisions\/44788"}],"wp:attachment":[{"href":"https:\/\/estado29.mx\/index.php?rest_route=%2Fwp%2Fv2%2Fmedia&parent=44785"}],"wp:term":[{"taxonomy":"category","embeddable":true,"href":"https:\/\/estado29.mx\/index.php?rest_route=%2Fwp%2Fv2%2Fcategories&post=44785"},{"taxonomy":"post_tag","embeddable":true,"href":"https:\/\/estado29.mx\/index.php?rest_route=%2Fwp%2Fv2%2Ftags&post=44785"}],"curies":[{"name":"wp","href":"https:\/\/api.w.org\/{rel}","templated":true}]}}