{"id":44797,"date":"2019-03-12T07:00:04","date_gmt":"2019-03-12T13:00:04","guid":{"rendered":"http:\/\/estado29.mx\/?p=44797"},"modified":"2019-03-12T10:47:04","modified_gmt":"2019-03-12T16:47:04","slug":"entrega-sanchez-jasso-camion-de-volteo-para-recoleccion-de-basura-en-huamantla","status":"publish","type":"post","link":"https:\/\/estado29.mx\/?p=44797","title":{"rendered":"Entrega S\u00e1nchez Jasso cami\u00f3n de volteo para recolecci\u00f3n de basura en Huamantla."},"content":{"rendered":"\n<p>El recurso form\u00f3 parte del FORTAMUN 2018. <\/p>\n\n\n\n<p><br> Esta ma\u00f1ana el Presidente Municipal de Huamantla, Jorge S\u00e1nchez Jasso acompa\u00f1ado de la Secretar\u00eda del Ayuntamiento, Mar\u00eda Tita Mendoza Machuca, regidores, presidentes de comunidad, estudiantes y padres de familia, realiz\u00f3 la entrega de un cami\u00f3n de volteo al \u00e1rea de Servicios P\u00fablicos del Municipio, con la finalidad de mejorar el servicio de recolecci\u00f3n de basura en el pueblo m\u00e1gico. <\/p>\n\n\n\n<p><br> La inversi\u00f3n total de este cami\u00f3n de volteo fue de 1, 000,750.00 pesos y form\u00f3 parte del Fondo de Aportaciones para el Fortalecimiento de los Municipios (FORTAMUN) 2018; lo que se incrementa al parque vehicular que cuenta el \u00e1rea de SSPP del Municipio dando un total de 6 unidades para el servicio de la ciudadan\u00eda. <\/p>\n\n\n\n<p><br> En su oportunidad el alcalde S\u00e1nchez Jasso, se\u00f1al\u00f3 \u201cNo se trata de tener muchos camiones recolectores de basura, sino de dar el uso adecuado a cada uno de ellos, es decir, tenemos que cooperar nosotros como ciudadan\u00eda, a no tirar basura en las calles lo que ocasiona un mal aspectos y focos de infecci\u00f3n, podremos tener mucho personal de limpia pero si no tenemos la cultura de no tirar basura de nada servir\u00e1\u201d. <\/p>\n\n\n\n<p><br> Adem\u00e1s, el edil se\u00f1al\u00f3 que este cami\u00f3n iniciar\u00e1 a trabajar a partir de ma\u00f1ana martes 12 de marzo, despu\u00e9s de trazar las rutas que habr\u00e1 de cubrir para la recolecci\u00f3n de residuos de la ciudadan\u00eda huamantleca.<\/p>\n","protected":false},"excerpt":{"rendered":"<p>El recurso form\u00f3 parte del FORTAMUN 2018. Esta ma\u00f1ana el Presidente Municipal de Huamantla, Jorge S\u00e1nchez Jasso acompa\u00f1ado de la Secretar\u00eda del Ayuntamiento, Mar\u00eda Tita Mendoza Machuca, regidores, presidentes de comunidad, estudiantes y padres de familia, realiz\u00f3 la entrega de un cami\u00f3n de volteo al \u00e1rea de Servicios P\u00fablicos del Municipio, con la finalidad de [&hellip;]<\/p>\n","protected":false},"author":19,"featured_media":0,"comment_status":"open","ping_status":"open","sticky":false,"template":"","format":"standard","meta":{"om_disable_all_campaigns":false,"_monsterinsights_skip_tracking":false,"_monsterinsights_sitenote_active":false,"_monsterinsights_sitenote_note":"","_monsterinsights_sitenote_category":0,"jnews-multi-image_gallery":[],"jnews_single_post":[],"jnews_primary_category":[],"footnotes":""},"categories":[],"tags":[],"class_list":["post-44797","post","type-post","status-publish","format-standard","hentry"],"aioseo_notices":[],"_links":{"self":[{"href":"https:\/\/estado29.mx\/index.php?rest_route=\/wp\/v2\/posts\/44797","targetHints":{"allow":["GET"]}}],"collection":[{"href":"https:\/\/estado29.mx\/index.php?rest_route=\/wp\/v2\/posts"}],"about":[{"href":"https:\/\/estado29.mx\/index.php?rest_route=\/wp\/v2\/types\/post"}],"author":[{"embeddable":true,"href":"https:\/\/estado29.mx\/index.php?rest_route=\/wp\/v2\/users\/19"}],"replies":[{"embeddable":true,"href":"https:\/\/estado29.mx\/index.php?rest_route=%2Fwp%2Fv2%2Fcomments&post=44797"}],"version-history":[{"count":1,"href":"https:\/\/estado29.mx\/index.php?rest_route=\/wp\/v2\/posts\/44797\/revisions"}],"predecessor-version":[{"id":44800,"href":"https:\/\/estado29.mx\/index.php?rest_route=\/wp\/v2\/posts\/44797\/revisions\/44800"}],"wp:attachment":[{"href":"https:\/\/estado29.mx\/index.php?rest_route=%2Fwp%2Fv2%2Fmedia&parent=44797"}],"wp:term":[{"taxonomy":"category","embeddable":true,"href":"https:\/\/estado29.mx\/index.php?rest_route=%2Fwp%2Fv2%2Fcategories&post=44797"},{"taxonomy":"post_tag","embeddable":true,"href":"https:\/\/estado29.mx\/index.php?rest_route=%2Fwp%2Fv2%2Ftags&post=44797"}],"curies":[{"name":"wp","href":"https:\/\/api.w.org\/{rel}","templated":true}]}}