{"id":44891,"date":"2019-03-13T12:08:10","date_gmt":"2019-03-13T18:08:10","guid":{"rendered":"http:\/\/estado29.mx\/?p=44891"},"modified":"2019-03-13T17:29:20","modified_gmt":"2019-03-13T23:29:20","slug":"se-manifiestan-especialistas-madres-e-hijos-por-el-cierre-del-ceredi-que-afecta-a-mas-de-700-infantes","status":"publish","type":"post","link":"https:\/\/estado29.mx\/?p=44891","title":{"rendered":"Se manifiestan especialistas, madres e hijos por el cierre del Ceredi, que afecta a m\u00e1s de 700 infantes"},"content":{"rendered":"\n<p><em>Los recursos para la operaci\u00f3n del Ceredi eran de\nProspera; pero piden que el Gobierno del Estado asuma este centro<\/em><\/p>\n\n\n\n<p>Este mi\u00e9rcoles\nmarcharon en el centro de la ciudad de Tlaxcala, especialistas de Prospera que\ntrabajan en el Centro Regional de Desarrollo Infantil (Ceredi), ubicado en\nTlaltelulco, y que atienden a ni\u00f1os con atenci\u00f3n especial, con consultas\npedi\u00e1tricas, nutrici\u00f3n, terapia f\u00edsica, de lenguaje, estimulaci\u00f3n temprana,\npsicolog\u00eda, que incluye a padres de familia, y con la falta de operaci\u00f3n de\neste lugar se perjudica a m\u00e1s de 700 infantes del todo el estado. <\/p>\n\n\n\n<p>Destacaron que el 31\nde diciembre de 2018, se terminaron sus contratos laborales, esto por los\ncambios de operaci\u00f3n de Prospera en M\u00e9xico, esto tras la llegada del nuevo\ngobierno federal, lo que dej\u00f3 como resultados que no se den las terapias y\nconsultas, las cuales eran gratuitas. <\/p>\n\n\n\n<p> \u201cNosotros vinimos pac\u00edficamente a que nos diga una respuesta de cu\u00e1ndo se puede abrir el centro\u201d.<\/p>\n\n\n\n<p>Se\u00f1alaron que en\nCeredi est\u00e1n ocho especialistas, pero en Prospera hay un n\u00famero mayor, ya que\nhacen actividades de campo en los municipios y comunidades de Tlaxcala, a\ntrav\u00e9s de la pr\u00e1ctica de un Tamizaje, donde se detecta los factores de riesgo\nen los menores, y que esto afecte su desarrollo.<\/p>\n\n\n\n<p>\u201cLlevamos dos meses y medio de estar sin servicio, tanto a nosotros nos afecta, nuestro empleo, a nuestros ni\u00f1os no est\u00e1n recibiendo ning\u00fan tipo de servicio. Vinimos a solicitar la apertura del Centro\u201d.<\/p>\n\n\n\n<p>Detallaron que los\nrecursos para la operaci\u00f3n del Ceredi eran de Prospera; pero piden que el\nGobierno del Estado asuma la operaci\u00f3n de este centro,&nbsp; y se pueda abrir, ya que este tiene material\nnecesario y de calidad para la atenci\u00f3n, y que se traduc\u00eda en 15 consultas al\nd\u00eda.<\/p>\n\n\n\n<p>Madres de los menores\nle piden al Gobernador Marco Mena, su ayuda, ya que este trabajo que reciben es\nimportante, porque tener un hijo especial, requiere de apoyo porque es una\nsituaci\u00f3n que no es f\u00e1cil de entender y de sobrellevar. <\/p>\n","protected":false},"excerpt":{"rendered":"<p>Los recursos para la operaci\u00f3n del Ceredi eran de Prospera; pero piden que el Gobierno del Estado asuma este centro Este mi\u00e9rcoles marcharon en el centro de la ciudad de Tlaxcala, especialistas de Prospera que trabajan en el Centro Regional de Desarrollo Infantil (Ceredi), ubicado en Tlaltelulco, y que atienden a ni\u00f1os con atenci\u00f3n especial, [&hellip;]<\/p>\n","protected":false},"author":28,"featured_media":0,"comment_status":"open","ping_status":"open","sticky":false,"template":"","format":"standard","meta":{"om_disable_all_campaigns":false,"_monsterinsights_skip_tracking":false,"_monsterinsights_sitenote_active":false,"_monsterinsights_sitenote_note":"","_monsterinsights_sitenote_category":0,"jnews-multi-image_gallery":[],"jnews_single_post":[],"jnews_primary_category":[],"footnotes":""},"categories":[],"tags":[],"class_list":["post-44891","post","type-post","status-publish","format-standard","hentry"],"aioseo_notices":[],"_links":{"self":[{"href":"https:\/\/estado29.mx\/index.php?rest_route=\/wp\/v2\/posts\/44891","targetHints":{"allow":["GET"]}}],"collection":[{"href":"https:\/\/estado29.mx\/index.php?rest_route=\/wp\/v2\/posts"}],"about":[{"href":"https:\/\/estado29.mx\/index.php?rest_route=\/wp\/v2\/types\/post"}],"author":[{"embeddable":true,"href":"https:\/\/estado29.mx\/index.php?rest_route=\/wp\/v2\/users\/28"}],"replies":[{"embeddable":true,"href":"https:\/\/estado29.mx\/index.php?rest_route=%2Fwp%2Fv2%2Fcomments&post=44891"}],"version-history":[{"count":2,"href":"https:\/\/estado29.mx\/index.php?rest_route=\/wp\/v2\/posts\/44891\/revisions"}],"predecessor-version":[{"id":44932,"href":"https:\/\/estado29.mx\/index.php?rest_route=\/wp\/v2\/posts\/44891\/revisions\/44932"}],"wp:attachment":[{"href":"https:\/\/estado29.mx\/index.php?rest_route=%2Fwp%2Fv2%2Fmedia&parent=44891"}],"wp:term":[{"taxonomy":"category","embeddable":true,"href":"https:\/\/estado29.mx\/index.php?rest_route=%2Fwp%2Fv2%2Fcategories&post=44891"},{"taxonomy":"post_tag","embeddable":true,"href":"https:\/\/estado29.mx\/index.php?rest_route=%2Fwp%2Fv2%2Ftags&post=44891"}],"curies":[{"name":"wp","href":"https:\/\/api.w.org\/{rel}","templated":true}]}}