{"id":44913,"date":"2019-03-13T15:31:06","date_gmt":"2019-03-13T21:31:06","guid":{"rendered":"http:\/\/estado29.mx\/?p=44913"},"modified":"2019-03-13T15:31:23","modified_gmt":"2019-03-13T21:31:23","slug":"realizara-sesa-acciones-de-difusion-para-prevenir-enfermedad-renal-cronica","status":"publish","type":"post","link":"https:\/\/estado29.mx\/?p=44913","title":{"rendered":"Realizar\u00e1 SESA acciones de difusi\u00f3n para prevenir  enfermedad renal cr\u00f3nica"},"content":{"rendered":"\n<p><strong>P<\/strong>  <em>En todos los hospitales de la dependencia se conmemorar\u00e1 el D\u00eda Mundial del Ri\u00f1\u00f3n.<\/em><\/p>\n\n\n\n<p>Con actividades de promoci\u00f3n y difusi\u00f3n sobre la prevenci\u00f3n y detecci\u00f3n temprana de la enfermedad renal cr\u00f3nica, la Secretar\u00eda de Salud (SESA) se sumar\u00e1 a la conmemoraci\u00f3n del D\u00eda Mundial del Ri\u00f1\u00f3n, que se celebra este 14 de marzo.<\/p>\n\n\n\n<p>Mary Carmen Cruz Angulo, Nefr\u00f3loga de la SESA, destac\u00f3 que en el marco de esta fecha internacional se fortalecer\u00e1n las acciones preventivas y de sensibilizaci\u00f3n sobre la importancia del cuidado de los ri\u00f1ones.<\/p>\n\n\n\n<p>Bajo el lema \u201cSalud renal para todos, en todas partes\u201d, la dependencia estatal fomentar\u00e1 h\u00e1bitos saludables entre las familias de la entidad, con la finalidad de reducir riesgos de padecer enfermedad renal cr\u00f3nica y la incidencia de casos.<\/p>\n\n\n\n<p>Cruz Angulo detall\u00f3 que las actividades de promoci\u00f3n y difusi\u00f3n se llevar\u00e1n a cabo en todos los hospitales de la SESA para lograr que un mayor n\u00famero de personas conozcan las medidas para prevenir esta enfermedad, signos de alarma y h\u00e1bitos saludables que pueden adoptar pacientes para mejorar su calidad de vida.<\/p>\n\n\n\n<p>Cabe se\u00f1alar que como parte de las acciones, personal de la SESA reforzar\u00e1 sus conocimientos sobre la detecci\u00f3n temprana de este padecimiento, a fin de diagnosticar oportunamente a los pacientes e iniciar su tratamiento correspondiente.<\/p>\n\n\n\n<p>El D\u00eda Mundial del Ri\u00f1\u00f3n se conmemora el segundo jueves de marzo, con el objetivo de fortalecer las acciones de sensibilizaci\u00f3n entre la poblaci\u00f3n y lograr una disminuci\u00f3n en el n\u00famero de casos.<\/p>\n","protected":false},"excerpt":{"rendered":"<p>P En todos los hospitales de la dependencia se conmemorar\u00e1 el D\u00eda Mundial del Ri\u00f1\u00f3n. Con actividades de promoci\u00f3n y difusi\u00f3n sobre la prevenci\u00f3n y detecci\u00f3n temprana de la enfermedad renal cr\u00f3nica, la Secretar\u00eda de Salud (SESA) se sumar\u00e1 a la conmemoraci\u00f3n del D\u00eda Mundial del Ri\u00f1\u00f3n, que se celebra este 14 de marzo. Mary [&hellip;]<\/p>\n","protected":false},"author":12,"featured_media":0,"comment_status":"open","ping_status":"open","sticky":false,"template":"","format":"standard","meta":{"om_disable_all_campaigns":false,"_monsterinsights_skip_tracking":false,"_monsterinsights_sitenote_active":false,"_monsterinsights_sitenote_note":"","_monsterinsights_sitenote_category":0,"jnews-multi-image_gallery":[],"jnews_single_post":[],"jnews_primary_category":[],"footnotes":""},"categories":[],"tags":[],"class_list":["post-44913","post","type-post","status-publish","format-standard","hentry"],"aioseo_notices":[],"_links":{"self":[{"href":"https:\/\/estado29.mx\/index.php?rest_route=\/wp\/v2\/posts\/44913","targetHints":{"allow":["GET"]}}],"collection":[{"href":"https:\/\/estado29.mx\/index.php?rest_route=\/wp\/v2\/posts"}],"about":[{"href":"https:\/\/estado29.mx\/index.php?rest_route=\/wp\/v2\/types\/post"}],"author":[{"embeddable":true,"href":"https:\/\/estado29.mx\/index.php?rest_route=\/wp\/v2\/users\/12"}],"replies":[{"embeddable":true,"href":"https:\/\/estado29.mx\/index.php?rest_route=%2Fwp%2Fv2%2Fcomments&post=44913"}],"version-history":[{"count":1,"href":"https:\/\/estado29.mx\/index.php?rest_route=\/wp\/v2\/posts\/44913\/revisions"}],"predecessor-version":[{"id":44916,"href":"https:\/\/estado29.mx\/index.php?rest_route=\/wp\/v2\/posts\/44913\/revisions\/44916"}],"wp:attachment":[{"href":"https:\/\/estado29.mx\/index.php?rest_route=%2Fwp%2Fv2%2Fmedia&parent=44913"}],"wp:term":[{"taxonomy":"category","embeddable":true,"href":"https:\/\/estado29.mx\/index.php?rest_route=%2Fwp%2Fv2%2Fcategories&post=44913"},{"taxonomy":"post_tag","embeddable":true,"href":"https:\/\/estado29.mx\/index.php?rest_route=%2Fwp%2Fv2%2Ftags&post=44913"}],"curies":[{"name":"wp","href":"https:\/\/api.w.org\/{rel}","templated":true}]}}