{"id":44917,"date":"2019-03-13T15:32:55","date_gmt":"2019-03-13T21:32:55","guid":{"rendered":"http:\/\/estado29.mx\/?p=44917"},"modified":"2019-03-13T15:33:14","modified_gmt":"2019-03-13T21:33:14","slug":"activa-cepc-sistema-de-comando-de-incidentes-para-prevenir-y-combatir-incendios-forestales","status":"publish","type":"post","link":"https:\/\/estado29.mx\/?p=44917","title":{"rendered":"Activa CEPC sistema de comando de incidentes para prevenir y combatir incendios forestales"},"content":{"rendered":"\n<p><strong>A<\/strong><em>Estas acciones mejorar\u00e1n las t\u00e9cnicas de combate a incendios con base en los protocolos nacionales.<\/em><\/p>\n\n\n\n<p>La Coordinaci\u00f3n Estatal de Protecci\u00f3n Civil (CEPC) activ\u00f3 el Sistema de Comando de Incidentes, estrategia de prevenci\u00f3n que busca mejorar los protocolos de actuaci\u00f3n ante un incendio forestal. &nbsp;<\/p>\n\n\n\n<p>Jos\u00e9 Antonio Ram\u00edrez Hern\u00e1ndez, titular de la CEPC, afirm\u00f3 que ante la temporada de estiaje la dependencia estatal desarrolla diversas acciones que permitan prevenir y atender de manera oportuna los siniestros.<\/p>\n\n\n\n<p>El Sistema de Comando de Incidentes coordina trabajos operativos donde participan la Comisi\u00f3n Estatal de Seguridad (CES), la Coordinaci\u00f3n General de Ecolog\u00eda (CGE), la Comisi\u00f3n Nacional Forestal (Conafor), la Procuradur\u00eda Federal de Protecci\u00f3n al Ambiente (Profepa) y corporaciones de Protecci\u00f3n Civil municipal.<\/p>\n\n\n\n<p>Las tareas consisten en mejorar las t\u00e9cnicas de combate a incendios con base en los protocolos nacionales y prevenir estos fen\u00f3menos que se incrementan por la temporada de estiaje y las quemas agr\u00edcolas no controladas.<\/p>\n\n\n\n<p>Con la activaci\u00f3n del Sistema de Comando de Incidentes, la CEPC fortalecer\u00e1 las acciones preventivas, con la finalidad de salvaguardar la integridad f\u00edsica y patrimonial de la poblaci\u00f3n asentada en zonas forestales.<\/p>\n\n\n\n<p>Durante el inicio de este plan, las dependencias participantes asumieron el compromiso de trabajar coordinadamente con la CEPC para disminuir los riesgos en la temporada de incendios.<\/p>\n","protected":false},"excerpt":{"rendered":"<p>AEstas acciones mejorar\u00e1n las t\u00e9cnicas de combate a incendios con base en los protocolos nacionales. La Coordinaci\u00f3n Estatal de Protecci\u00f3n Civil (CEPC) activ\u00f3 el Sistema de Comando de Incidentes, estrategia de prevenci\u00f3n que busca mejorar los protocolos de actuaci\u00f3n ante un incendio forestal. &nbsp; Jos\u00e9 Antonio Ram\u00edrez Hern\u00e1ndez, titular de la CEPC, afirm\u00f3 que ante [&hellip;]<\/p>\n","protected":false},"author":12,"featured_media":0,"comment_status":"open","ping_status":"open","sticky":false,"template":"","format":"standard","meta":{"om_disable_all_campaigns":false,"_monsterinsights_skip_tracking":false,"_monsterinsights_sitenote_active":false,"_monsterinsights_sitenote_note":"","_monsterinsights_sitenote_category":0,"jnews-multi-image_gallery":[],"jnews_single_post":[],"jnews_primary_category":[],"footnotes":""},"categories":[],"tags":[],"class_list":["post-44917","post","type-post","status-publish","format-standard","hentry"],"aioseo_notices":[],"_links":{"self":[{"href":"https:\/\/estado29.mx\/index.php?rest_route=\/wp\/v2\/posts\/44917","targetHints":{"allow":["GET"]}}],"collection":[{"href":"https:\/\/estado29.mx\/index.php?rest_route=\/wp\/v2\/posts"}],"about":[{"href":"https:\/\/estado29.mx\/index.php?rest_route=\/wp\/v2\/types\/post"}],"author":[{"embeddable":true,"href":"https:\/\/estado29.mx\/index.php?rest_route=\/wp\/v2\/users\/12"}],"replies":[{"embeddable":true,"href":"https:\/\/estado29.mx\/index.php?rest_route=%2Fwp%2Fv2%2Fcomments&post=44917"}],"version-history":[{"count":1,"href":"https:\/\/estado29.mx\/index.php?rest_route=\/wp\/v2\/posts\/44917\/revisions"}],"predecessor-version":[{"id":44920,"href":"https:\/\/estado29.mx\/index.php?rest_route=\/wp\/v2\/posts\/44917\/revisions\/44920"}],"wp:attachment":[{"href":"https:\/\/estado29.mx\/index.php?rest_route=%2Fwp%2Fv2%2Fmedia&parent=44917"}],"wp:term":[{"taxonomy":"category","embeddable":true,"href":"https:\/\/estado29.mx\/index.php?rest_route=%2Fwp%2Fv2%2Fcategories&post=44917"},{"taxonomy":"post_tag","embeddable":true,"href":"https:\/\/estado29.mx\/index.php?rest_route=%2Fwp%2Fv2%2Ftags&post=44917"}],"curies":[{"name":"wp","href":"https:\/\/api.w.org\/{rel}","templated":true}]}}