{"id":44938,"date":"2019-03-13T19:25:02","date_gmt":"2019-03-14T01:25:02","guid":{"rendered":"http:\/\/estado29.mx\/?p=44938"},"modified":"2019-03-13T19:25:29","modified_gmt":"2019-03-14T01:25:29","slug":"en-desventaja-se-desarrollan-las-lenguas-indigenas-en-mexico-inali","status":"publish","type":"post","link":"https:\/\/estado29.mx\/?p=44938","title":{"rendered":"En desventaja se desarrollan las lenguas ind\u00edgenas en M\u00e9xico: INALI"},"content":{"rendered":"\n<p>En la mesa de di\u00e1logo por la conmemoraci\u00f3n del D\u00eda Internacional de la Lengua Materna, el director general del Instituto Nacional de Lenguas Ind\u00edgenas (INALI), Juan Gregorio Regino consider\u00f3 que los dialectos en el Pa\u00eds se est\u00e1n desarrollando en situaci\u00f3n de desventaja en todos los \u00e1mbitos, motivo por el cual es urgente dedicarle a lengua no solo un d\u00eda internacional sino un decenio para crear pol\u00edticas ling\u00fc\u00edsticas comunitarias.<\/p>\n\n\n\n<p>El evento se llev\u00f3 a cabo en el Museo de la Memoria de la capital tlaxcalteca, y fue emprendido por el Instituto Nacional Electoral (INE) y organizaciones civiles, al que acudi\u00f3 el Consejero Electoral, Jos\u00e9 Roberto Ruiz Salda\u00f1a, quien fungi\u00f3 como moderador de la mesa de di\u00e1logo.<\/p>\n\n\n\n<p>Ah\u00ed el director del INALI inform\u00f3 que de las 68 lenguas ind\u00edgenas que subsisten en &nbsp;el Pa\u00eds, 37 est\u00e1n en alto riesgo de desaparecer, entre ellas el N\u00e1huatl que se habla en diversos municipios del estado de Tlaxcala, por lo que se deben emprender acciones efectivas para rescatar y preservar las lenguas maternas para lo cual no solo se requiere de establecer el 2019 como el A\u00f1o Internacional de las Lenguas Ind\u00edgenas sino un decenio para poder dar pasos seguros para instrumentar m\u00e1s que acciones o programas, pol\u00edticas ling\u00fc\u00edsticas comunitarias.<\/p>\n\n\n\n<p>Incluso, subray\u00f3 que esa no es solo competencia del Gobierno Federal, tambi\u00e9n de las autoridades en el \u00e1mbito estatal y municipal, pero sobre todo de los pueblos y comunidades ind\u00edgenas.<\/p>\n\n\n\n<p>Por eso, Juan Gregorio Regino hizo la petici\u00f3n a la asamblea General de la Organizaci\u00f3n de las Naciones Unidas (ONU) para proclamar el decenio de las Lenguas Ind\u00edgenas, con el fin de sensibilizar a la sociedad en general para que reconozcan, aprecien y valoren la importante contribuci\u00f3n que los idiomas originarios hacen a la diversidad cultural y ling\u00fc\u00edstica mundial.<\/p>\n\n\n\n<p>Teniendo como eje esencial para el desarrollo sostenible, el derecho de los pueblos ind\u00edgenas a expresarse en sus lenguas y eso contempla la implementaci\u00f3n de acciones significativas como la obligaci\u00f3n de entonar en los eventos oficiales el himno nacional en espa\u00f1ol y lengua materna, as\u00ed mismo en las nomenclaturas, se\u00f1al\u00e9tica, &nbsp;anuncios, informaci\u00f3n tur\u00edstica en zonas arqueol\u00f3gicas, rese\u00f1as, informaci\u00f3n general de protecci\u00f3n civil y seguridad, formatos de registro civil, en los juzgados, entre otros para visibilizar los dialectos y desterrarlos.<\/p>\n\n\n\n<p>\u201cLas condiciones que limitan la reproducci\u00f3n del conjunto de lenguas ind\u00edgenas son la exclusi\u00f3n en la mayor parte de los dominios p\u00fablicos e institucionales, la disminuci\u00f3n de su uso en los \u00e1mbitos comunitario y familiar, su ausencia en los medios de comunicaci\u00f3n y un menor prestigio con respecto al espa\u00f1ol\u201d, recalc\u00f3.<\/p>\n\n\n\n<p>&nbsp;Reconoci\u00f3 que esa tarea no es f\u00e1cil pero son temas que se deben ir abordando&nbsp; para avanzar&nbsp; en la no discriminaci\u00f3n de las lenguas en el Pa\u00eds.<\/p>\n\n\n\n<p>Adem\u00e1s, en esa misma mesa el secretario y fundador de la organizaci\u00f3n&nbsp; cultura Tlahtoltequitl e integrante de la comunidad N\u00e1huatl &nbsp;de San Felipe Cuauhtenco, municipio de Contla, Ramos Rosales Flores agreg\u00f3 que en ese sentido de respeto por la cultura ind\u00edgena se debe agregar el reconocimiento su forma de organizaci\u00f3n pol\u00edtica, por usos y costumbres, a trav\u00e9s de la cual eligen a sus representantes populares.<\/p>\n","protected":false},"excerpt":{"rendered":"<p>En la mesa de di\u00e1logo por la conmemoraci\u00f3n del D\u00eda Internacional de la Lengua Materna, el director general del Instituto Nacional de Lenguas Ind\u00edgenas (INALI), Juan Gregorio Regino consider\u00f3 que los dialectos en el Pa\u00eds se est\u00e1n desarrollando en situaci\u00f3n de desventaja en todos los \u00e1mbitos, motivo por el cual es urgente dedicarle a lengua [&hellip;]<\/p>\n","protected":false},"author":31,"featured_media":0,"comment_status":"open","ping_status":"open","sticky":false,"template":"","format":"standard","meta":{"om_disable_all_campaigns":false,"_monsterinsights_skip_tracking":false,"_monsterinsights_sitenote_active":false,"_monsterinsights_sitenote_note":"","_monsterinsights_sitenote_category":0,"jnews-multi-image_gallery":[],"jnews_single_post":[],"jnews_primary_category":[],"footnotes":""},"categories":[],"tags":[],"class_list":["post-44938","post","type-post","status-publish","format-standard","hentry"],"aioseo_notices":[],"_links":{"self":[{"href":"https:\/\/estado29.mx\/index.php?rest_route=\/wp\/v2\/posts\/44938","targetHints":{"allow":["GET"]}}],"collection":[{"href":"https:\/\/estado29.mx\/index.php?rest_route=\/wp\/v2\/posts"}],"about":[{"href":"https:\/\/estado29.mx\/index.php?rest_route=\/wp\/v2\/types\/post"}],"author":[{"embeddable":true,"href":"https:\/\/estado29.mx\/index.php?rest_route=\/wp\/v2\/users\/31"}],"replies":[{"embeddable":true,"href":"https:\/\/estado29.mx\/index.php?rest_route=%2Fwp%2Fv2%2Fcomments&post=44938"}],"version-history":[{"count":1,"href":"https:\/\/estado29.mx\/index.php?rest_route=\/wp\/v2\/posts\/44938\/revisions"}],"predecessor-version":[{"id":44943,"href":"https:\/\/estado29.mx\/index.php?rest_route=\/wp\/v2\/posts\/44938\/revisions\/44943"}],"wp:attachment":[{"href":"https:\/\/estado29.mx\/index.php?rest_route=%2Fwp%2Fv2%2Fmedia&parent=44938"}],"wp:term":[{"taxonomy":"category","embeddable":true,"href":"https:\/\/estado29.mx\/index.php?rest_route=%2Fwp%2Fv2%2Fcategories&post=44938"},{"taxonomy":"post_tag","embeddable":true,"href":"https:\/\/estado29.mx\/index.php?rest_route=%2Fwp%2Fv2%2Ftags&post=44938"}],"curies":[{"name":"wp","href":"https:\/\/api.w.org\/{rel}","templated":true}]}}