{"id":44951,"date":"2019-03-13T22:47:15","date_gmt":"2019-03-14T04:47:15","guid":{"rendered":"http:\/\/estado29.mx\/?p=44951"},"modified":"2019-03-14T10:12:29","modified_gmt":"2019-03-14T16:12:29","slug":"interpone-caballero-yonca-denuncia-por-actos-vandalicos-en-la-comuna","status":"publish","type":"post","link":"https:\/\/estado29.mx\/?p=44951","title":{"rendered":"Interpone Caballero Yonca denuncia por actos vand\u00e1licos en la comuna."},"content":{"rendered":"\n<p>*Los hechos se encuentran asentados en la carpeta de investigaci\u00f3n&nbsp; HUAM 2\/398\/19<\/p>\n\n\n\n<p>La tarde de ayer qued\u00f3 asentada la carpeta de investigaci\u00f3n\nHUAM2\/398\/19, en contra de quien&nbsp; o\nquienes resulten responsables de los actos vand\u00e1licos del pasado 7 de marzo,\ncuando las oficinas alternas desde donde el Presidente Municipal de Ixtenco,\nMiguel \u00c1ngel Caballero Yonca, despacha y atiende a la ciudadan\u00eda.<\/p>\n\n\n\n<p>El mun\u00edcipe, en entrevista, indic\u00f3 que la denuncia qued\u00f3\nasentada ante el ministerio p\u00fablico de Huamantla y ya se iniciaron con las\npesquisas a fin de dar con los responsables de vandalizar este espacio, en el\ncual se brinda la atenci\u00f3n a la ciudadan\u00eda.<\/p>\n\n\n\n<p>Refiri\u00f3 que el Ayuntamiento que encabeza es y ser\u00e1\nrespetuoso de las maneras de manifestarse de las personas, sin embargo lament\u00f3\nque el vandalizar los espacios sea una de ellas.<\/p>\n\n\n\n<p>Por ello la denuncia qued\u00f3 ratificada en la carpeta de\ninvestigaci\u00f3n HUAM2\/398\/19 y ser\u00e1 en pr\u00f3ximos d\u00edas en que se d\u00e9 mayor\ninformaci\u00f3n de c\u00f3mo va la averiguaci\u00f3n.<\/p>\n","protected":false},"excerpt":{"rendered":"<p>*Los hechos se encuentran asentados en la carpeta de investigaci\u00f3n&nbsp; HUAM 2\/398\/19 La tarde de ayer qued\u00f3 asentada la carpeta de investigaci\u00f3n HUAM2\/398\/19, en contra de quien&nbsp; o quienes resulten responsables de los actos vand\u00e1licos del pasado 7 de marzo, cuando las oficinas alternas desde donde el Presidente Municipal de Ixtenco, Miguel \u00c1ngel Caballero Yonca, [&hellip;]<\/p>\n","protected":false},"author":19,"featured_media":0,"comment_status":"open","ping_status":"open","sticky":false,"template":"","format":"standard","meta":{"om_disable_all_campaigns":false,"_monsterinsights_skip_tracking":false,"_monsterinsights_sitenote_active":false,"_monsterinsights_sitenote_note":"","_monsterinsights_sitenote_category":0,"jnews-multi-image_gallery":[],"jnews_single_post":[],"jnews_primary_category":[],"footnotes":""},"categories":[],"tags":[],"class_list":["post-44951","post","type-post","status-publish","format-standard","hentry"],"aioseo_notices":[],"_links":{"self":[{"href":"https:\/\/estado29.mx\/index.php?rest_route=\/wp\/v2\/posts\/44951","targetHints":{"allow":["GET"]}}],"collection":[{"href":"https:\/\/estado29.mx\/index.php?rest_route=\/wp\/v2\/posts"}],"about":[{"href":"https:\/\/estado29.mx\/index.php?rest_route=\/wp\/v2\/types\/post"}],"author":[{"embeddable":true,"href":"https:\/\/estado29.mx\/index.php?rest_route=\/wp\/v2\/users\/19"}],"replies":[{"embeddable":true,"href":"https:\/\/estado29.mx\/index.php?rest_route=%2Fwp%2Fv2%2Fcomments&post=44951"}],"version-history":[{"count":2,"href":"https:\/\/estado29.mx\/index.php?rest_route=\/wp\/v2\/posts\/44951\/revisions"}],"predecessor-version":[{"id":44981,"href":"https:\/\/estado29.mx\/index.php?rest_route=\/wp\/v2\/posts\/44951\/revisions\/44981"}],"wp:attachment":[{"href":"https:\/\/estado29.mx\/index.php?rest_route=%2Fwp%2Fv2%2Fmedia&parent=44951"}],"wp:term":[{"taxonomy":"category","embeddable":true,"href":"https:\/\/estado29.mx\/index.php?rest_route=%2Fwp%2Fv2%2Fcategories&post=44951"},{"taxonomy":"post_tag","embeddable":true,"href":"https:\/\/estado29.mx\/index.php?rest_route=%2Fwp%2Fv2%2Ftags&post=44951"}],"curies":[{"name":"wp","href":"https:\/\/api.w.org\/{rel}","templated":true}]}}