{"id":44955,"date":"2019-03-13T22:49:25","date_gmt":"2019-03-14T04:49:25","guid":{"rendered":"http:\/\/estado29.mx\/?p=44955"},"modified":"2019-03-13T22:49:45","modified_gmt":"2019-03-14T04:49:45","slug":"26-incendios-en-casa-habitacion-y-8-en-terrenos-reporta-proteccion-civil-en-la-ultima-temporada","status":"publish","type":"post","link":"https:\/\/estado29.mx\/?p=44955","title":{"rendered":"26 incendios en casa habitaci\u00f3n y 8 en terrenos reporta Protecci\u00f3n Civil en la \u00faltima temporada."},"content":{"rendered":"\n<p>Derivado de las altas temperaturas que se han registrado en\ngran parte de la Rep\u00fablica Mexicana y que ha afectado al municipio de Huamantla,\nlos lugares bald\u00edos se encuentran pr\u00e1cticamente desiertos, por lo que es m\u00e1s\nprobable que se registren incendios. <\/p>\n\n\n\n<p>Por esta raz\u00f3n, el Coordinador de Protecci\u00f3n Civil\nMunicipal, Renato D\u00edaz Contreras, dio a conocer que en la mayor\u00eda los incendios\nque se han registrado en la \u00faltima temporada han sido provocados y otros m\u00e1s\npor descuidos de los habitantes de una casa, de los cuales han atendido 26\nviviendas y 8 en terrenos agr\u00edcolas y partes aleda\u00f1as al volc\u00e1n la Malinche. <\/p>\n\n\n\n<p>&#8220;Las temperaturas han sido muy elevadas en las \u00faltimas\nsemanas, por ello recomendamos a la ciudadan\u00eda tomar medidas en el caso de\nutilizar gas natural, calentadores artificiales o art\u00edculos\nelectrodom\u00e9sticos&#8221; abund\u00f3, D\u00edaz Contreras.<\/p>\n\n\n\n<p>Por esta raz\u00f3n y para evitar otro tipo de accidentes adem\u00e1s\nde la generaci\u00f3n de contaminaci\u00f3n, el coordinador de PC exhorta a la ciudadan\u00eda\na evitar este tipo de pr\u00e1cticas en el caso de agricultores que buscan limpiar\nde la maleza que se encuentra en los mismos, pues la mayor\u00eda de incendios que\nhan registrado se han salido de control. <\/p>\n","protected":false},"excerpt":{"rendered":"<p>Derivado de las altas temperaturas que se han registrado en gran parte de la Rep\u00fablica Mexicana y que ha afectado al municipio de Huamantla, los lugares bald\u00edos se encuentran pr\u00e1cticamente desiertos, por lo que es m\u00e1s probable que se registren incendios. Por esta raz\u00f3n, el Coordinador de Protecci\u00f3n Civil Municipal, Renato D\u00edaz Contreras, dio a [&hellip;]<\/p>\n","protected":false},"author":19,"featured_media":0,"comment_status":"open","ping_status":"open","sticky":false,"template":"","format":"standard","meta":{"om_disable_all_campaigns":false,"_monsterinsights_skip_tracking":false,"_monsterinsights_sitenote_active":false,"_monsterinsights_sitenote_note":"","_monsterinsights_sitenote_category":0,"jnews-multi-image_gallery":[],"jnews_single_post":[],"jnews_primary_category":[],"footnotes":""},"categories":[],"tags":[],"class_list":["post-44955","post","type-post","status-publish","format-standard","hentry"],"aioseo_notices":[],"_links":{"self":[{"href":"https:\/\/estado29.mx\/index.php?rest_route=\/wp\/v2\/posts\/44955","targetHints":{"allow":["GET"]}}],"collection":[{"href":"https:\/\/estado29.mx\/index.php?rest_route=\/wp\/v2\/posts"}],"about":[{"href":"https:\/\/estado29.mx\/index.php?rest_route=\/wp\/v2\/types\/post"}],"author":[{"embeddable":true,"href":"https:\/\/estado29.mx\/index.php?rest_route=\/wp\/v2\/users\/19"}],"replies":[{"embeddable":true,"href":"https:\/\/estado29.mx\/index.php?rest_route=%2Fwp%2Fv2%2Fcomments&post=44955"}],"version-history":[{"count":1,"href":"https:\/\/estado29.mx\/index.php?rest_route=\/wp\/v2\/posts\/44955\/revisions"}],"predecessor-version":[{"id":44958,"href":"https:\/\/estado29.mx\/index.php?rest_route=\/wp\/v2\/posts\/44955\/revisions\/44958"}],"wp:attachment":[{"href":"https:\/\/estado29.mx\/index.php?rest_route=%2Fwp%2Fv2%2Fmedia&parent=44955"}],"wp:term":[{"taxonomy":"category","embeddable":true,"href":"https:\/\/estado29.mx\/index.php?rest_route=%2Fwp%2Fv2%2Fcategories&post=44955"},{"taxonomy":"post_tag","embeddable":true,"href":"https:\/\/estado29.mx\/index.php?rest_route=%2Fwp%2Fv2%2Ftags&post=44955"}],"curies":[{"name":"wp","href":"https:\/\/api.w.org\/{rel}","templated":true}]}}