{"id":44996,"date":"2019-03-14T14:39:30","date_gmt":"2019-03-14T20:39:30","guid":{"rendered":"http:\/\/estado29.mx\/?p=44996"},"modified":"2019-03-14T17:32:56","modified_gmt":"2019-03-14T23:32:56","slug":"buscan-que-festival-camaxtli-lo-apoyen-autoridades-estatales-y-federales","status":"publish","type":"post","link":"https:\/\/estado29.mx\/?p=44996","title":{"rendered":"Buscan que Festival Camaxtli lo apoyen autoridades estatales y federales"},"content":{"rendered":"\n<p><em>Prev\u00e9n presentar una\niniciativa al congreso del estado, a fin de que este festival sea patrocinado\npor las autoridades del estado<\/em><\/p>\n\n\n\n<p>Organizadores del Quinto Festival Camaxtli, buscan que\nautoridades estatales y federales apoyen este tipo de eventos culturales, que\ntienen la finalidad de promover las costumbres, tradiciones y forma de vida de\nlos primeros tlaxcaltecas, sobretodo que estos eventos puedan ser sustentables.<\/p>\n\n\n\n<p>En rueda de prensa dieron a conocer que el pr\u00f3ximo 22 y\n23 de marzo de este a\u00f1o en la comunidad de Santiago Tepeticpac, municipio de\nTotolac, se llevar\u00e1n diversas actividades desde la creaci\u00f3n de obras art\u00edsticas\nen vivo de manos de artistas invitados y estudiantes de arte con el Tema de la\n\u201cAntigua Tlaxcallan\u201d. <\/p>\n\n\n\n<p>Asimismo, se dictar\u00e1 la conferencia \u201cLa Cultura\nPrehisp\u00e1nica Tlaxcalteca\u201d, as\u00ed como la presentaci\u00f3n del coro femenil \u201cPrimer\nSe\u00f1or\u00edo\u201d,&nbsp; as\u00ed como el ritual de hermanamiento\nde los cuatro se\u00f1or\u00edos. <\/p>\n\n\n\n<p>A esto se suma el Cuadrangular de Futbol \u201cQuanex\u201d, habr\u00e1\nuna expo-venta de producto del Mercadito Alternativo de Tlaxcala, se va a\ncompartir alimentos regionales por chefs locales y cocineras tradicionales, y\nse entregar\u00e1 reconocimiento a participantes del festival, y premiaci\u00f3n de\ntorneo.<\/p>\n\n\n\n<p>Ante todas estas actividades, comentaron que prev\u00e9n\npresentar una iniciativa al congreso del estado, a fin de que este festival lo\napoyen las autoridades del estado. <\/p>\n\n\n\n<p>En esta presentaci\u00f3n estuvieron presentes Jos\u00e9 Arturo\nAlonzo, encargado del museo comunitario del primer se\u00f1or\u00edo; Anselmo Montiel\nMu\u00f1oz, coordinador de eventos de Secture; Ormuzd Ivings M\u00e9ndez Rivera,\npresidente de la sociedad Comunitaria de Tepeticpac; Juan Carlos Hern\u00e1ndez,\npatrocinador Nanovid; Aliz Lima, dise\u00f1adora textil de la UAT y Jos\u00e9 de Jes\u00fas\nSu\u00e1rez, presidente de comunidad de Tepetipac. <\/p>\n","protected":false},"excerpt":{"rendered":"<p>Prev\u00e9n presentar una iniciativa al congreso del estado, a fin de que este festival sea patrocinado por las autoridades del estado Organizadores del Quinto Festival Camaxtli, buscan que autoridades estatales y federales apoyen este tipo de eventos culturales, que tienen la finalidad de promover las costumbres, tradiciones y forma de vida de los primeros tlaxcaltecas, [&hellip;]<\/p>\n","protected":false},"author":28,"featured_media":0,"comment_status":"open","ping_status":"open","sticky":false,"template":"","format":"standard","meta":{"om_disable_all_campaigns":false,"_monsterinsights_skip_tracking":false,"_monsterinsights_sitenote_active":false,"_monsterinsights_sitenote_note":"","_monsterinsights_sitenote_category":0,"jnews-multi-image_gallery":[],"jnews_single_post":[],"jnews_primary_category":[],"footnotes":""},"categories":[],"tags":[],"class_list":["post-44996","post","type-post","status-publish","format-standard","hentry"],"aioseo_notices":[],"_links":{"self":[{"href":"https:\/\/estado29.mx\/index.php?rest_route=\/wp\/v2\/posts\/44996","targetHints":{"allow":["GET"]}}],"collection":[{"href":"https:\/\/estado29.mx\/index.php?rest_route=\/wp\/v2\/posts"}],"about":[{"href":"https:\/\/estado29.mx\/index.php?rest_route=\/wp\/v2\/types\/post"}],"author":[{"embeddable":true,"href":"https:\/\/estado29.mx\/index.php?rest_route=\/wp\/v2\/users\/28"}],"replies":[{"embeddable":true,"href":"https:\/\/estado29.mx\/index.php?rest_route=%2Fwp%2Fv2%2Fcomments&post=44996"}],"version-history":[{"count":2,"href":"https:\/\/estado29.mx\/index.php?rest_route=\/wp\/v2\/posts\/44996\/revisions"}],"predecessor-version":[{"id":45012,"href":"https:\/\/estado29.mx\/index.php?rest_route=\/wp\/v2\/posts\/44996\/revisions\/45012"}],"wp:attachment":[{"href":"https:\/\/estado29.mx\/index.php?rest_route=%2Fwp%2Fv2%2Fmedia&parent=44996"}],"wp:term":[{"taxonomy":"category","embeddable":true,"href":"https:\/\/estado29.mx\/index.php?rest_route=%2Fwp%2Fv2%2Fcategories&post=44996"},{"taxonomy":"post_tag","embeddable":true,"href":"https:\/\/estado29.mx\/index.php?rest_route=%2Fwp%2Fv2%2Ftags&post=44996"}],"curies":[{"name":"wp","href":"https:\/\/api.w.org\/{rel}","templated":true}]}}