{"id":45008,"date":"2019-03-14T16:58:41","date_gmt":"2019-03-14T22:58:41","guid":{"rendered":"http:\/\/estado29.mx\/?p=45008"},"modified":"2019-03-14T17:47:30","modified_gmt":"2019-03-14T23:47:30","slug":"a-un-ano-de-los-disturbios-en-ixtenco-actualmente-hay-una-demarcacion-este-estable","status":"publish","type":"post","link":"https:\/\/estado29.mx\/?p=45008","title":{"rendered":"A un a\u00f1o de los disturbios en Ixtenco, actualmente hay una demarcaci\u00f3n estable"},"content":{"rendered":"\n<p><em>El alcalde reconoci\u00f3 a mayordomos,\ndeportistas, artesanos, entre otros sectores de la sociedad, por su respaldo<\/em><\/p>\n\n\n\n<p>A un a\u00f1o de los disturbios en el municipio de Ixtenco,\ndonde se liaron a golpes dos grupos unos a favor del alcalde Miguel \u00c1ngel Caballero\nYonca,&nbsp; otros en contra, as\u00ed con polic\u00edas,\nquienes rescataron al edil, este, destac\u00f3 que actualmente se enfoca a que esta demarcaci\u00f3n\neste estable y en desarrollo. <\/p>\n\n\n\n<p>En rueda de prensa en la ciudad de Tlaxcala, invit\u00f3 a los\ndiferentes actores y liderazgos a que prevalezca el di\u00e1logo, a fin de conocer\nsus inconformidades y poder subsanarlas.<\/p>\n\n\n\n<p>A 365 d\u00edas, Caballero Yonca confi\u00f3 que ya no haya nuevas\nmanifestaciones porque esto s\u00f3lo afecta a la sociedad de Ixtenco, al no haber servicios\nb\u00e1sicos, &nbsp;seguridad p\u00fablica, entre otros beneficios.<\/p>\n\n\n\n<p>Asimismo, reconoci\u00f3 a mayordomos, deportistas, artesanos,\nentre otros sectores de la sociedad, por su respaldo, ya que han visto que fue\nuna situaci\u00f3n de mala informaci\u00f3n e intereses personales.<\/p>\n\n\n\n<p>\u201cAl final la ciudadan\u00eda de Ixtenco es muy inteligente, y se dio cuenta que todo fue para temas de beneficios personales, tal es as\u00ed, que el grupo de movimiento pac\u00edfico estuvieron dentro de la presidencia, y una vez que regres\u00e9 decidieron salir por la puerta\u201d.<\/p>\n\n\n\n<p>Aclar\u00f3 que la cuenta p\u00fablica de 2017 fue aprobada por el\n\u00d3rgano Fiscalizaci\u00f3n Superior (OFS), por lo que esto, ya no da pie a que hubo\ndesv\u00edo de recursos. <\/p>\n\n\n\n<p>Aunado, se\u00f1al\u00f3 que derivado de los problemas de la comuna\ndesde el 15 de enero y 14 de marzo, &nbsp;y\nfechas posteriores en 2018, hay 13 denuncias en la Procuradur\u00eda General de\nJusticia del Estado (Pgje), que siguen su curso.<\/p>\n\n\n\n<p>\u201cSe dieron cuenta de que todo lo que dijeron fue falso porque el congreso me absolvi\u00f3 contra la revocaci\u00f3n y la disoluci\u00f3n de poderes. Y la gente est\u00e1 tranquila a la expectativa y al cuidado de sus hijos. Los invito a que guardemos la postura. En Ixtenco hay gente educada\u201d, enfatiz\u00f3. <\/p>\n","protected":false},"excerpt":{"rendered":"<p>El alcalde reconoci\u00f3 a mayordomos, deportistas, artesanos, entre otros sectores de la sociedad, por su respaldo A un a\u00f1o de los disturbios en el municipio de Ixtenco, donde se liaron a golpes dos grupos unos a favor del alcalde Miguel \u00c1ngel Caballero Yonca,&nbsp; otros en contra, as\u00ed con polic\u00edas, quienes rescataron al edil, este, destac\u00f3 [&hellip;]<\/p>\n","protected":false},"author":28,"featured_media":0,"comment_status":"open","ping_status":"open","sticky":false,"template":"","format":"standard","meta":{"om_disable_all_campaigns":false,"_monsterinsights_skip_tracking":false,"_monsterinsights_sitenote_active":false,"_monsterinsights_sitenote_note":"","_monsterinsights_sitenote_category":0,"jnews-multi-image_gallery":[],"jnews_single_post":[],"jnews_primary_category":[],"footnotes":""},"categories":[],"tags":[],"class_list":["post-45008","post","type-post","status-publish","format-standard","hentry"],"aioseo_notices":[],"_links":{"self":[{"href":"https:\/\/estado29.mx\/index.php?rest_route=\/wp\/v2\/posts\/45008","targetHints":{"allow":["GET"]}}],"collection":[{"href":"https:\/\/estado29.mx\/index.php?rest_route=\/wp\/v2\/posts"}],"about":[{"href":"https:\/\/estado29.mx\/index.php?rest_route=\/wp\/v2\/types\/post"}],"author":[{"embeddable":true,"href":"https:\/\/estado29.mx\/index.php?rest_route=\/wp\/v2\/users\/28"}],"replies":[{"embeddable":true,"href":"https:\/\/estado29.mx\/index.php?rest_route=%2Fwp%2Fv2%2Fcomments&post=45008"}],"version-history":[{"count":2,"href":"https:\/\/estado29.mx\/index.php?rest_route=\/wp\/v2\/posts\/45008\/revisions"}],"predecessor-version":[{"id":45018,"href":"https:\/\/estado29.mx\/index.php?rest_route=\/wp\/v2\/posts\/45008\/revisions\/45018"}],"wp:attachment":[{"href":"https:\/\/estado29.mx\/index.php?rest_route=%2Fwp%2Fv2%2Fmedia&parent=45008"}],"wp:term":[{"taxonomy":"category","embeddable":true,"href":"https:\/\/estado29.mx\/index.php?rest_route=%2Fwp%2Fv2%2Fcategories&post=45008"},{"taxonomy":"post_tag","embeddable":true,"href":"https:\/\/estado29.mx\/index.php?rest_route=%2Fwp%2Fv2%2Ftags&post=45008"}],"curies":[{"name":"wp","href":"https:\/\/api.w.org\/{rel}","templated":true}]}}