{"id":45032,"date":"2019-03-15T07:48:00","date_gmt":"2019-03-15T13:48:00","guid":{"rendered":"http:\/\/estado29.mx\/?p=45032"},"modified":"2019-03-15T09:53:08","modified_gmt":"2019-03-15T15:53:08","slug":"piden-que-los-mexicanos-agricolas-temporales-en-canada-tengan-las-mismas-condiciones-laborales-que-los-canadienses","status":"publish","type":"post","link":"https:\/\/estado29.mx\/?p=45032","title":{"rendered":"Piden que los  mexicanos agr\u00edcolas temporales en Canad\u00e1 tengan las mismas condiciones laborales que los canadienses."},"content":{"rendered":"\n<p>En el Senado de la Rep\u00fablica, se llev\u00f3 a cabo la comparecencia del C. Juan Jos\u00e9 Ignacio G\u00f3mez Camacho designado como Embajador de M\u00e9xico en Canad\u00e1. Senadores de las comisiones de Am\u00e9rica del Norte y de Relaciones Exteriores, hablaron sobre los retos que existen en la relaci\u00f3n M\u00e9xico Canad\u00e1, en especial de los programas de trabajo temporal que existen desde hace m\u00e1s de 40 a\u00f1os. <\/p>\n\n\n\n<p>En\nsu participaci\u00f3n la senadora Beatriz Paredes, propuso que la Embajada de M\u00e9xico\nen Canad\u00e1 trabaje para fortalecer el Programa de Trabajadores Agr\u00edcolas\nTemporales M\u00e9xico-Canad\u00e1 (PTAT) con la finalidad de que los paisanos que\nparticipan puedan contar con condiciones laborables claras e iguales a las de\nlos trabajadores canadienses. <\/p>\n\n\n\n<p>De\nmanera particular, la senadora tlaxcalteca sugiri\u00f3 al Embajador, la creaci\u00f3n de\nun comit\u00e9 de supervisi\u00f3n para mejorar las condiciones laborales de los jornaleros\nmexicanos en el PTAT y para detectar qu\u00e9 especialidades van adquiriendo con el\nobjetivo de ofrecerles esquemas de financiamiento a su regreso. Para la\nintegraci\u00f3n de dicho comit\u00e9, se plante\u00f3 la participaci\u00f3n de autoridades\nlaborales canadienses, mexicanas, el Senado de la Rep\u00fablica y autoridades de\nlos estados con el mayor n\u00famero de migrantes inscritos en el programa.<\/p>\n\n\n\n<p>Al\nfinal de la comparecencia, el Embajador G\u00f3mez Camacho, se comprometi\u00f3 a\nanalizar estos planteamientos e integrarlos en la relaci\u00f3n estrat\u00e9gica M\u00e9xico\nCanad\u00e1. <\/p>\n\n\n\n<p>\u2014oOo\u2014<\/p>\n","protected":false},"excerpt":{"rendered":"<p>En el Senado de la Rep\u00fablica, se llev\u00f3 a cabo la comparecencia del C. Juan Jos\u00e9 Ignacio G\u00f3mez Camacho designado como Embajador de M\u00e9xico en Canad\u00e1. Senadores de las comisiones de Am\u00e9rica del Norte y de Relaciones Exteriores, hablaron sobre los retos que existen en la relaci\u00f3n M\u00e9xico Canad\u00e1, en especial de los programas de [&hellip;]<\/p>\n","protected":false},"author":12,"featured_media":0,"comment_status":"open","ping_status":"open","sticky":false,"template":"","format":"standard","meta":{"om_disable_all_campaigns":false,"_monsterinsights_skip_tracking":false,"_monsterinsights_sitenote_active":false,"_monsterinsights_sitenote_note":"","_monsterinsights_sitenote_category":0,"jnews-multi-image_gallery":[],"jnews_single_post":[],"jnews_primary_category":[],"footnotes":""},"categories":[],"tags":[],"class_list":["post-45032","post","type-post","status-publish","format-standard","hentry"],"aioseo_notices":[],"_links":{"self":[{"href":"https:\/\/estado29.mx\/index.php?rest_route=\/wp\/v2\/posts\/45032","targetHints":{"allow":["GET"]}}],"collection":[{"href":"https:\/\/estado29.mx\/index.php?rest_route=\/wp\/v2\/posts"}],"about":[{"href":"https:\/\/estado29.mx\/index.php?rest_route=\/wp\/v2\/types\/post"}],"author":[{"embeddable":true,"href":"https:\/\/estado29.mx\/index.php?rest_route=\/wp\/v2\/users\/12"}],"replies":[{"embeddable":true,"href":"https:\/\/estado29.mx\/index.php?rest_route=%2Fwp%2Fv2%2Fcomments&post=45032"}],"version-history":[{"count":2,"href":"https:\/\/estado29.mx\/index.php?rest_route=\/wp\/v2\/posts\/45032\/revisions"}],"predecessor-version":[{"id":45041,"href":"https:\/\/estado29.mx\/index.php?rest_route=\/wp\/v2\/posts\/45032\/revisions\/45041"}],"wp:attachment":[{"href":"https:\/\/estado29.mx\/index.php?rest_route=%2Fwp%2Fv2%2Fmedia&parent=45032"}],"wp:term":[{"taxonomy":"category","embeddable":true,"href":"https:\/\/estado29.mx\/index.php?rest_route=%2Fwp%2Fv2%2Fcategories&post=45032"},{"taxonomy":"post_tag","embeddable":true,"href":"https:\/\/estado29.mx\/index.php?rest_route=%2Fwp%2Fv2%2Ftags&post=45032"}],"curies":[{"name":"wp","href":"https:\/\/api.w.org\/{rel}","templated":true}]}}