{"id":45048,"date":"2019-03-15T14:39:40","date_gmt":"2019-03-15T20:39:40","guid":{"rendered":"http:\/\/estado29.mx\/?p=45048"},"modified":"2019-03-15T14:39:57","modified_gmt":"2019-03-15T20:39:57","slug":"en-el-tema-penitenciario-son-muchos-los-retos-por-cumplir-y-por-ejecutar-valiente-hernandez","status":"publish","type":"post","link":"https:\/\/estado29.mx\/?p=45048","title":{"rendered":"En el tema Penitenciario son muchos los retos por cumplir y por ejecutar: Valiente Hern\u00e1ndez"},"content":{"rendered":"\n<p> <br> Francisco Gardu\u00f1o Y\u00e1\u00f1ez, el responsable del Sistema Penal Federal y presidente de la Conferencia, destac\u00f3 que se van a escuchar de Derechos Humanos, combate a la corrupci\u00f3n, gobernabilidad en las prisiones, dignidad, humanizaci\u00f3n, ley penal de ejecuci\u00f3n, normas penales, reinserci\u00f3n, readaptaci\u00f3n, gobernanza en las prisiones, un sin n\u00famero de palabras<br> El dar la bienvenida a los participantes de la primera sesi\u00f3n extraordinaria de la Conferencia Nacional del Sistema Penitenciario, el Comisionado Estatal de Seguridad P\u00fablica (CES), Eduardo Valiente Hern\u00e1ndez, reconoci\u00f3 que son muchos los retos por cumplir y las acciones, programas y estrategias por ejecutar, que los lleve a la modernizaci\u00f3n y humanizaci\u00f3n del sistema penitenciario. <br> Asimismo, dijo ante directores de los Centros de Reinserci\u00f3n Social (CERESO) del pa\u00eds, que son muchos los retos por cumplir, y eso es lo que los congrega el d\u00eda de hoy en la conferencia, para que haya espacio serio y de an\u00e1lisis, de reflexi\u00f3n y toma de decisiones que no representa la voluntad de una persona, sino la voluntad consensuada de los integrantes de la conferencia. <br> Aunado, dijo en el Centro de Convenciones en la ciudad de Tlaxcala, que la Conferencia aspira a convertirse en esa estancias generadora de las mejores pr\u00e1cticas y pol\u00edticas de largo aliento en la materia, que deben estar en constante movimiento y actualizaci\u00f3n porque  son conscientes de que nos son suficientes los esfuerzos aislados, y el asunto penitenciario que es complejo, debe abordarse a trav\u00e9s del trabajo serio de coordinaci\u00f3n general. <br>  \u201cLas obras verdaderamente valiosas, son obras de madurez, es as\u00ed que esta conferencia desde su instalaci\u00f3n y a la fecha se ha consolidado como ese punto de encuentro de intervenci\u00f3n central, con los actores con miras de desarrollo integral para tener pol\u00edticas p\u00fablicas de acuerdo a las facetas que presenten\u201d. <br> Se\u00f1al\u00f3 que esta conferencia se ha convertido en la piedra  angular de las mejores estrategias de operaci\u00f3n penitenciarias porque este tipo de encuentros pertenece al interesante mundo de ideas, de las acciones y de la discusi\u00f3n propia de un gobierno democr\u00e1tico.<br>  \u201cEstamos ahora ante un nuevo mundo de oportunidades donde el gobierno tiene  todo por hacer, coordinados brazo a brazo con la ciudadan\u00eda porque le delito no es un problema que sufra de generaci\u00f3n espont\u00e1nea, es la manifestaci\u00f3n exterior de profundos desajustes en la estructura social, el s\u00edndrome por las que se expresan las enfermedades  que corroen el cuerpo de la comunidad\u201d. <br> En su intervenci\u00f3n, Francisco Gardu\u00f1o Y\u00e1\u00f1ez, el responsable del Sistema Penal Federal y presidente de la Conferencia, destac\u00f3 que se van a escuchar de Derechos Humanos, combate a la corrupci\u00f3n, gobernabilidad en las prisiones, dignidad, humanizaci\u00f3n, ley penal de ejecuci\u00f3n, normas penales, reinserci\u00f3n, readaptaci\u00f3n, gobernanza en las prisiones, un sin n\u00famero de palabras. <br>  \u201cEsta es una excelente oportunidad por eso es que se llama Conferencia y vamos hacer conferencia es pronunciar palabras, y las que pronuncien las reflexionemos, rechacemos o cuestionemos. Para compartir metas y esperanzas\u201d. <br> Destac\u00f3 que el tema de presos, reclusos, internos, se cambi\u00f3 en la Ley y en l\u00e9xico que se tiene, ahora son Personal Privado de su Libertad (PPL), ya que se lesionada derechos humanos. <br> Agreg\u00f3 que  hay 5 mil 600 menores de edad en estos espacios, de acuerdo al INEGI, y en n\u00famero eso no es nada, por lo que es un aliento para la reconstrucci\u00f3n del tejido social y evitar que puedan ser parte de reclusorios o Ceresos, miles y miles de j\u00f3venes. <br> Asegur\u00f3 que no es un discurso del presidente de M\u00e9xico, ya que tiene en la agenda nacional a los reclusorios, y el ejemplo es Islas Mar\u00edas, adem\u00e1s de que tiene la indicaci\u00f3n de evitar la sobrepoblaci\u00f3n, a fin evitar que los de alto riesgo que contaminen a los dem\u00e1s.<br> En el evento estuvo el Gobernador del Estado, Marco Antonio Mena Rodr\u00edguez; Patricia Bugar\u00edn Guti\u00e9rrez, subsecretaria de Seguridad P\u00fablica del Gobierno de M\u00e9xico; representantes del congreso local, de la Comisi\u00f3n Nacional de Derechos Humanos (CNDH) e invitados especiales.<\/p>\n","protected":false},"excerpt":{"rendered":"<p>Francisco Gardu\u00f1o Y\u00e1\u00f1ez, el responsable del Sistema Penal Federal y presidente de la Conferencia, destac\u00f3 que se van a escuchar de Derechos Humanos, combate a la corrupci\u00f3n, gobernabilidad en las prisiones, dignidad, humanizaci\u00f3n, ley penal de ejecuci\u00f3n, normas penales, reinserci\u00f3n, readaptaci\u00f3n, gobernanza en las prisiones, un sin n\u00famero de palabras El dar la bienvenida a [&hellip;]<\/p>\n","protected":false},"author":28,"featured_media":0,"comment_status":"open","ping_status":"open","sticky":false,"template":"","format":"standard","meta":{"om_disable_all_campaigns":false,"_monsterinsights_skip_tracking":false,"_monsterinsights_sitenote_active":false,"_monsterinsights_sitenote_note":"","_monsterinsights_sitenote_category":0,"jnews-multi-image_gallery":[],"jnews_single_post":[],"jnews_primary_category":[],"footnotes":""},"categories":[],"tags":[],"class_list":["post-45048","post","type-post","status-publish","format-standard","hentry"],"aioseo_notices":[],"_links":{"self":[{"href":"https:\/\/estado29.mx\/index.php?rest_route=\/wp\/v2\/posts\/45048","targetHints":{"allow":["GET"]}}],"collection":[{"href":"https:\/\/estado29.mx\/index.php?rest_route=\/wp\/v2\/posts"}],"about":[{"href":"https:\/\/estado29.mx\/index.php?rest_route=\/wp\/v2\/types\/post"}],"author":[{"embeddable":true,"href":"https:\/\/estado29.mx\/index.php?rest_route=\/wp\/v2\/users\/28"}],"replies":[{"embeddable":true,"href":"https:\/\/estado29.mx\/index.php?rest_route=%2Fwp%2Fv2%2Fcomments&post=45048"}],"version-history":[{"count":1,"href":"https:\/\/estado29.mx\/index.php?rest_route=\/wp\/v2\/posts\/45048\/revisions"}],"predecessor-version":[{"id":45051,"href":"https:\/\/estado29.mx\/index.php?rest_route=\/wp\/v2\/posts\/45048\/revisions\/45051"}],"wp:attachment":[{"href":"https:\/\/estado29.mx\/index.php?rest_route=%2Fwp%2Fv2%2Fmedia&parent=45048"}],"wp:term":[{"taxonomy":"category","embeddable":true,"href":"https:\/\/estado29.mx\/index.php?rest_route=%2Fwp%2Fv2%2Fcategories&post=45048"},{"taxonomy":"post_tag","embeddable":true,"href":"https:\/\/estado29.mx\/index.php?rest_route=%2Fwp%2Fv2%2Ftags&post=45048"}],"curies":[{"name":"wp","href":"https:\/\/api.w.org\/{rel}","templated":true}]}}