{"id":45060,"date":"2019-03-15T17:45:48","date_gmt":"2019-03-15T23:45:48","guid":{"rendered":"http:\/\/estado29.mx\/?p=45060"},"modified":"2019-03-15T17:46:04","modified_gmt":"2019-03-15T23:46:04","slug":"se-preve-un-incremento-de-ppl-por-reformas-en-la-ampliacion-en-el-catalogo-de-delitos","status":"publish","type":"post","link":"https:\/\/estado29.mx\/?p=45060","title":{"rendered":"Se prev\u00e9 un incremento de PPL por reformas en la ampliaci\u00f3n en el cat\u00e1logo de delitos"},"content":{"rendered":"\n<p> Tambi\u00e9n esperan que a pesar del crecimiento, posteriormente vayan a la baja el n\u00famero de personas recluidas, conforme se vayan desahogando los procesos penales promovidos<br> De acuerdo a las reformas que hicieron en el Congreso de la Uni\u00f3n sobre la ampliaci\u00f3n en el cat\u00e1logo de delitos que requieren de prisi\u00f3n preventiva, el titular del Sistema Penitenciario Federal, Francisco Gardu\u00f1o Y\u00e1\u00f1ez, destac\u00f3 que se prev\u00e9 un incremento de Personas Privadas de su Libertad (PPL) en estos espacios.<br> Indic\u00f3 que estiman que podr\u00edan recibir de manera inicial hasta tres mil nuevos PPL; esto a pesar de que se cuenta con capacidad en los Centros Federales de Readaptaci\u00f3n Social (Ceferesos), que es de m\u00e1s de 41 mil espacios en los 21 reclusorios federales. <br> Precis\u00f3 que actualmente la poblaci\u00f3n interna es de alrededor de 17 mil, pero por los nuevos delitos, como: los delitos con fines electorales; desaparici\u00f3n forzada de personas; portaci\u00f3n y uso de armas de fuego prohibidas; robo y tr\u00e1fico de hidrocarburos (huachicoleo) y delitos en materia de corrupci\u00f3n, se aumente la poblaci\u00f3n en estos centros. <br> \u201cConforme se vaya aplicando la ley, la poblaci\u00f3n penitenciaria crecer\u00e1, por lo que tendremos que planear y trabajar en estrategias, para recibir a una importante cantidad de internos, que en un primer momento podr\u00eda ser de tres mil personas y posteriormente crezca a cinco mil\u201d.<br> Se\u00f1al\u00f3 que tambi\u00e9n esperan que a pesar del crecimiento, posteriormente vayan a la baja el n\u00famero de personas recluidas, conforme se vayan desahogando los procesos penales promovidos.<br> Subray\u00f3 que el Sistema Penitenciario del pa\u00eds ha identificado diversos problemas en los penales locales, como es el de la sobrepoblaci\u00f3n, espec\u00edficamente  en los penales de Topo Chico en Nuevo Le\u00f3n, as\u00ed como en Tamaulipas, Jalisco, en la Ciudad y el Estado de M\u00e9xico.<br> Asever\u00f3 que es necesario que los gobiernos de los estados, sumen esfuerzos y pongan mayor atenci\u00f3n, principalmente en materia de infraestructura de los Centros de Reinserci\u00f3n Social, as\u00ed como en la construcci\u00f3n de estrategias para establecerlos en buenas condiciones.<br> Y en los penales federales, afirm\u00f3 que se mantienen con est\u00e1ndares de alta seguridad y cumplen con certificaciones de car\u00e1cter internacional, por lo que no existen problemas en los Ceferesos.<\/p>\n","protected":false},"excerpt":{"rendered":"<p>Tambi\u00e9n esperan que a pesar del crecimiento, posteriormente vayan a la baja el n\u00famero de personas recluidas, conforme se vayan desahogando los procesos penales promovidos De acuerdo a las reformas que hicieron en el Congreso de la Uni\u00f3n sobre la ampliaci\u00f3n en el cat\u00e1logo de delitos que requieren de prisi\u00f3n preventiva, el titular del Sistema [&hellip;]<\/p>\n","protected":false},"author":28,"featured_media":0,"comment_status":"open","ping_status":"open","sticky":false,"template":"","format":"standard","meta":{"om_disable_all_campaigns":false,"_monsterinsights_skip_tracking":false,"_monsterinsights_sitenote_active":false,"_monsterinsights_sitenote_note":"","_monsterinsights_sitenote_category":0,"jnews-multi-image_gallery":[],"jnews_single_post":[],"jnews_primary_category":[],"footnotes":""},"categories":[],"tags":[],"class_list":["post-45060","post","type-post","status-publish","format-standard","hentry"],"aioseo_notices":[],"_links":{"self":[{"href":"https:\/\/estado29.mx\/index.php?rest_route=\/wp\/v2\/posts\/45060","targetHints":{"allow":["GET"]}}],"collection":[{"href":"https:\/\/estado29.mx\/index.php?rest_route=\/wp\/v2\/posts"}],"about":[{"href":"https:\/\/estado29.mx\/index.php?rest_route=\/wp\/v2\/types\/post"}],"author":[{"embeddable":true,"href":"https:\/\/estado29.mx\/index.php?rest_route=\/wp\/v2\/users\/28"}],"replies":[{"embeddable":true,"href":"https:\/\/estado29.mx\/index.php?rest_route=%2Fwp%2Fv2%2Fcomments&post=45060"}],"version-history":[{"count":1,"href":"https:\/\/estado29.mx\/index.php?rest_route=\/wp\/v2\/posts\/45060\/revisions"}],"predecessor-version":[{"id":45063,"href":"https:\/\/estado29.mx\/index.php?rest_route=\/wp\/v2\/posts\/45060\/revisions\/45063"}],"wp:attachment":[{"href":"https:\/\/estado29.mx\/index.php?rest_route=%2Fwp%2Fv2%2Fmedia&parent=45060"}],"wp:term":[{"taxonomy":"category","embeddable":true,"href":"https:\/\/estado29.mx\/index.php?rest_route=%2Fwp%2Fv2%2Fcategories&post=45060"},{"taxonomy":"post_tag","embeddable":true,"href":"https:\/\/estado29.mx\/index.php?rest_route=%2Fwp%2Fv2%2Ftags&post=45060"}],"curies":[{"name":"wp","href":"https:\/\/api.w.org\/{rel}","templated":true}]}}