{"id":45065,"date":"2019-03-15T17:47:59","date_gmt":"2019-03-15T23:47:59","guid":{"rendered":"http:\/\/estado29.mx\/?p=45065"},"modified":"2019-03-15T17:48:14","modified_gmt":"2019-03-15T23:48:14","slug":"presunto-asesino-de-policias-estatales-aun-hospitalizado-y-sin-rendir-declaracion","status":"publish","type":"post","link":"https:\/\/estado29.mx\/?p=45065","title":{"rendered":"Presunto asesino de polic\u00edas estatales,  a\u00fan hospitalizado y sin rendir declaraci\u00f3n"},"content":{"rendered":"\n<p>  El Procurador General de Justicia del Estado de Tlaxcala (PGJE), Jos\u00e9 Antonio Aquiahuatl S\u00e1nchez, indic\u00f3 que uno de los agresores, que privaron de la vida a dos polic\u00edas estatales en el municipio de Quilehtla, se encuentra  internado en un nosocomio en recuperaci\u00f3n, por lo que se espera que sea dado de alta para  proceder a tomar su  declaraci\u00f3n y as\u00ed se sabr\u00e1 el m\u00f3vil del ataque a  los uniformados.<br> Coment\u00f3 que a\u00fan no se tiene con certeza el motivo de la agresi\u00f3n en contra de los dos polic\u00edas, que fueron privados de la vida el pasado fin de semana; \u00fanicamente se tienen las pesquisas que fueron levantadas en el lugar de los hechos.<br> Aclar\u00f3 que hasta el momento no hay espec\u00edficamente una l\u00ednea de investigaci\u00f3n, porque se han abierto varias; por tanto se espera que el sujeto oriundo del estado de Morelos salga del hospital para que avance la indagatoria.<br> Indic\u00f3  que el sujeto que se encuentra hospitalizado, y que fue uno de los atacantes, quien  ha sido judicializado por este doble homicidio calificado, por tanto  el procedimiento va a continuar una vez que sea dado de alta.<\/p>\n","protected":false},"excerpt":{"rendered":"<p>El Procurador General de Justicia del Estado de Tlaxcala (PGJE), Jos\u00e9 Antonio Aquiahuatl S\u00e1nchez, indic\u00f3 que uno de los agresores, que privaron de la vida a dos polic\u00edas estatales en el municipio de Quilehtla, se encuentra internado en un nosocomio en recuperaci\u00f3n, por lo que se espera que sea dado de alta para proceder a [&hellip;]<\/p>\n","protected":false},"author":28,"featured_media":0,"comment_status":"open","ping_status":"open","sticky":false,"template":"","format":"standard","meta":{"om_disable_all_campaigns":false,"_monsterinsights_skip_tracking":false,"_monsterinsights_sitenote_active":false,"_monsterinsights_sitenote_note":"","_monsterinsights_sitenote_category":0,"jnews-multi-image_gallery":[],"jnews_single_post":[],"jnews_primary_category":[],"footnotes":""},"categories":[],"tags":[],"class_list":["post-45065","post","type-post","status-publish","format-standard","hentry"],"aioseo_notices":[],"_links":{"self":[{"href":"https:\/\/estado29.mx\/index.php?rest_route=\/wp\/v2\/posts\/45065","targetHints":{"allow":["GET"]}}],"collection":[{"href":"https:\/\/estado29.mx\/index.php?rest_route=\/wp\/v2\/posts"}],"about":[{"href":"https:\/\/estado29.mx\/index.php?rest_route=\/wp\/v2\/types\/post"}],"author":[{"embeddable":true,"href":"https:\/\/estado29.mx\/index.php?rest_route=\/wp\/v2\/users\/28"}],"replies":[{"embeddable":true,"href":"https:\/\/estado29.mx\/index.php?rest_route=%2Fwp%2Fv2%2Fcomments&post=45065"}],"version-history":[{"count":1,"href":"https:\/\/estado29.mx\/index.php?rest_route=\/wp\/v2\/posts\/45065\/revisions"}],"predecessor-version":[{"id":45068,"href":"https:\/\/estado29.mx\/index.php?rest_route=\/wp\/v2\/posts\/45065\/revisions\/45068"}],"wp:attachment":[{"href":"https:\/\/estado29.mx\/index.php?rest_route=%2Fwp%2Fv2%2Fmedia&parent=45065"}],"wp:term":[{"taxonomy":"category","embeddable":true,"href":"https:\/\/estado29.mx\/index.php?rest_route=%2Fwp%2Fv2%2Fcategories&post=45065"},{"taxonomy":"post_tag","embeddable":true,"href":"https:\/\/estado29.mx\/index.php?rest_route=%2Fwp%2Fv2%2Ftags&post=45065"}],"curies":[{"name":"wp","href":"https:\/\/api.w.org\/{rel}","templated":true}]}}