{"id":45085,"date":"2019-03-18T06:45:03","date_gmt":"2019-03-18T12:45:03","guid":{"rendered":"http:\/\/estado29.mx\/?p=45085"},"modified":"2019-03-17T21:54:51","modified_gmt":"2019-03-18T03:54:51","slug":"necesario-mejorar-centros-de-retencion-preventiva-del-prado-pineda","status":"publish","type":"post","link":"https:\/\/estado29.mx\/?p=45085","title":{"rendered":"Necesario mejorar Centros de Retenci\u00f3n Preventiva: del Prado Pineda"},"content":{"rendered":"\n<p>De las revisiones que\nha hecho la Comisi\u00f3n Estatal de Derechos Humanos (Cedh) a los Centros de Retenci\u00f3n\nPreventiva de los municipios, conocidos como separos, es necesario mejorar\nmuchas cosas, por lo que estar\u00e1n girando las nuevas observaciones, inform\u00f3 el presidente,\nV\u00edctor Manuel Cid del Prado Pineda. <\/p>\n\n\n\n<p>Ante estas revisiones,\nreconoci\u00f3 que se tiene que trabajar en la materia. \u201cLa Ley nos pide que para la\nprotecci\u00f3n de los derechos humanos deben tener luz natural, y es algo que\nnecesitan corregir. Necesitan tener un espacio, as\u00ed como frazadas en las\nnoches. Cada municipios tiene condiciones diferentes\u201d. <\/p>\n\n\n\n<p>Insisti\u00f3 que se deben\nde corregir las observaciones, porque quiz\u00e1 no les han dicho, cu\u00e1l es la forma\ncorrecta en la que deben de tener estos lugares, para que se cumpla con los\nderechos de las personas que llegan por alguna raz\u00f3n a estos espacios.<\/p>\n\n\n\n<p>A\u00f1adi\u00f3 que si hay\nmunicipios que no tienen ning\u00fan problema, y otros que necesitan mejorar sus\ncondiciones.<\/p>\n\n\n\n<p>\u201cDe los que me\ntocaron, uno no ten\u00eda ni una ventanita, ni luz artificial. Entonces obviamente\nsus condiciones son muy graves. Hay lugares donde est\u00e1n estas personas que si\nes demasiado lamentable\u201d. <\/p>\n\n\n\n<p>Agreg\u00f3 que una vez\nque giren los oficios, los municipios tendr\u00e1n que responder a la Comisi\u00f3n Estatal\nde Derechos Humanos, y actuar en consecuencia. <\/p>\n","protected":false},"excerpt":{"rendered":"<p>De las revisiones que ha hecho la Comisi\u00f3n Estatal de Derechos Humanos (Cedh) a los Centros de Retenci\u00f3n Preventiva de los municipios, conocidos como separos, es necesario mejorar muchas cosas, por lo que estar\u00e1n girando las nuevas observaciones, inform\u00f3 el presidente, V\u00edctor Manuel Cid del Prado Pineda. Ante estas revisiones, reconoci\u00f3 que se tiene que [&hellip;]<\/p>\n","protected":false},"author":28,"featured_media":0,"comment_status":"open","ping_status":"open","sticky":false,"template":"","format":"standard","meta":{"om_disable_all_campaigns":false,"_monsterinsights_skip_tracking":false,"_monsterinsights_sitenote_active":false,"_monsterinsights_sitenote_note":"","_monsterinsights_sitenote_category":0,"jnews-multi-image_gallery":[],"jnews_single_post":[],"jnews_primary_category":[],"footnotes":""},"categories":[],"tags":[],"class_list":["post-45085","post","type-post","status-publish","format-standard","hentry"],"aioseo_notices":[],"_links":{"self":[{"href":"https:\/\/estado29.mx\/index.php?rest_route=\/wp\/v2\/posts\/45085","targetHints":{"allow":["GET"]}}],"collection":[{"href":"https:\/\/estado29.mx\/index.php?rest_route=\/wp\/v2\/posts"}],"about":[{"href":"https:\/\/estado29.mx\/index.php?rest_route=\/wp\/v2\/types\/post"}],"author":[{"embeddable":true,"href":"https:\/\/estado29.mx\/index.php?rest_route=\/wp\/v2\/users\/28"}],"replies":[{"embeddable":true,"href":"https:\/\/estado29.mx\/index.php?rest_route=%2Fwp%2Fv2%2Fcomments&post=45085"}],"version-history":[{"count":1,"href":"https:\/\/estado29.mx\/index.php?rest_route=\/wp\/v2\/posts\/45085\/revisions"}],"predecessor-version":[{"id":45088,"href":"https:\/\/estado29.mx\/index.php?rest_route=\/wp\/v2\/posts\/45085\/revisions\/45088"}],"wp:attachment":[{"href":"https:\/\/estado29.mx\/index.php?rest_route=%2Fwp%2Fv2%2Fmedia&parent=45085"}],"wp:term":[{"taxonomy":"category","embeddable":true,"href":"https:\/\/estado29.mx\/index.php?rest_route=%2Fwp%2Fv2%2Fcategories&post=45085"},{"taxonomy":"post_tag","embeddable":true,"href":"https:\/\/estado29.mx\/index.php?rest_route=%2Fwp%2Fv2%2Ftags&post=45085"}],"curies":[{"name":"wp","href":"https:\/\/api.w.org\/{rel}","templated":true}]}}