{"id":45092,"date":"2019-03-18T07:00:23","date_gmt":"2019-03-18T13:00:23","guid":{"rendered":"http:\/\/estado29.mx\/?p=45092"},"modified":"2019-03-17T22:02:31","modified_gmt":"2019-03-18T04:02:31","slug":"la-epoca-mas-critica-de-las-enfermedades-diarreicas-es-mayo-a-agosto-jonguitud-falcon","status":"publish","type":"post","link":"https:\/\/estado29.mx\/?p=45092","title":{"rendered":"La \u00e9poca m\u00e1s cr\u00edtica de las enfermedades diarreicas es mayo a agosto: Jonguitud Falc\u00f3n"},"content":{"rendered":"\n<p><em>La Sesa difunde las medidas b\u00e1sicas de higiene, como&nbsp; el lavado de manos antes de comer y despu\u00e9s\nde ir al ba\u00f1o; adem\u00e1s de no comer alimentos que no se conozca su procedencia<\/em><\/p>\n\n\n\n<p>El Secretario de\nSalud (Sesa), Alberto Jonguitud Falc\u00f3n, asegur\u00f3 que aunque no se han presentado\nun n\u00famero importante de casos de enfermedades diarreicas, esto por el\nincremento de la temperatura, se espera que la \u00e9poca m\u00e1s cr\u00edtica sea de mayo a\nagosto, precisamente, durante el verano. <\/p>\n\n\n\n<p>Resalt\u00f3 que en este\nperiodo las temperaturas son m\u00e1s altas, y los alimentos tienden a descomponerse\nde forma m\u00e1s f\u00e1cil, como son frutas, verduras y l\u00e1cteos, por lo que refuerzan\nlas medidas de vigilancia, a trav\u00e9s de la Comisi\u00f3n\nEstatal para la Protecci\u00f3n Contra Riesgos Sanitarios del Estado de Tlaxcala\n(Coeprist). &nbsp;<\/p>\n\n\n\n<p>Destac\u00f3 que la\ndependencia a su cargo difunde las medidas b\u00e1sicas de higiene que es el lavado\nde manos antes de comer y despu\u00e9s de ir al ba\u00f1o; adem\u00e1s de no comer alimentos\nque no se conozca su procedencia o que sea inadecuada preparaci\u00f3n. <\/p>\n\n\n\n<p>Afirm\u00f3 que las\nenfermedades diarreicas son prevenibles, por ello, se debe tener cuidado en\nmenores de edad, sobre todo lactantes, y &nbsp;adultos mayores, ya que son susceptibles a\npadecer deshidrataci\u00f3n.<\/p>\n\n\n\n<p>Indic\u00f3 que a trav\u00e9s\nde Coeprist se verifica las redes municipales de\nagua, as\u00ed como los servicios privados de alimentos y bebidas para que haya higiene,\ny que lo que se consume est\u00e9 dentro de la normatividad correspondiente.<\/p>\n\n\n\n<p>\u201cNo\ntenemos incremento que esperamos en la \u00e9poca de calor, nosotros atendemos de\ntres a cuatro mil enfermedades diarreicas por semana, y no hemos tenido un\nincremento importante\u201d. <\/p>\n\n\n\n<p>Afirm\u00f3\nque tambi\u00e9n se vigila para que no haya c\u00f3lera, que es una enfermedad diarreica\nmuy agresiva, afortunadamente no se ha presentado.<\/p>\n\n\n\n<p>Agreg\u00f3\nque los alimentos que se venden fuera de las escuelas, son permisos que otorgan\nlos municipios. <\/p>\n\n\n\n<p>\u201cNo\nestamos en contra de esto, pero si se tienen que hacer un trabajo de vigilancia\nde las autoridades municipales en estos casos\u201d, enfatiz\u00f3. <\/p>\n","protected":false},"excerpt":{"rendered":"<p>La Sesa difunde las medidas b\u00e1sicas de higiene, como&nbsp; el lavado de manos antes de comer y despu\u00e9s de ir al ba\u00f1o; adem\u00e1s de no comer alimentos que no se conozca su procedencia El Secretario de Salud (Sesa), Alberto Jonguitud Falc\u00f3n, asegur\u00f3 que aunque no se han presentado un n\u00famero importante de casos de enfermedades [&hellip;]<\/p>\n","protected":false},"author":28,"featured_media":0,"comment_status":"open","ping_status":"open","sticky":false,"template":"","format":"standard","meta":{"om_disable_all_campaigns":false,"_monsterinsights_skip_tracking":false,"_monsterinsights_sitenote_active":false,"_monsterinsights_sitenote_note":"","_monsterinsights_sitenote_category":0,"jnews-multi-image_gallery":[],"jnews_single_post":[],"jnews_primary_category":[],"footnotes":""},"categories":[],"tags":[],"class_list":["post-45092","post","type-post","status-publish","format-standard","hentry"],"aioseo_notices":[],"_links":{"self":[{"href":"https:\/\/estado29.mx\/index.php?rest_route=\/wp\/v2\/posts\/45092","targetHints":{"allow":["GET"]}}],"collection":[{"href":"https:\/\/estado29.mx\/index.php?rest_route=\/wp\/v2\/posts"}],"about":[{"href":"https:\/\/estado29.mx\/index.php?rest_route=\/wp\/v2\/types\/post"}],"author":[{"embeddable":true,"href":"https:\/\/estado29.mx\/index.php?rest_route=\/wp\/v2\/users\/28"}],"replies":[{"embeddable":true,"href":"https:\/\/estado29.mx\/index.php?rest_route=%2Fwp%2Fv2%2Fcomments&post=45092"}],"version-history":[{"count":1,"href":"https:\/\/estado29.mx\/index.php?rest_route=\/wp\/v2\/posts\/45092\/revisions"}],"predecessor-version":[{"id":45095,"href":"https:\/\/estado29.mx\/index.php?rest_route=\/wp\/v2\/posts\/45092\/revisions\/45095"}],"wp:attachment":[{"href":"https:\/\/estado29.mx\/index.php?rest_route=%2Fwp%2Fv2%2Fmedia&parent=45092"}],"wp:term":[{"taxonomy":"category","embeddable":true,"href":"https:\/\/estado29.mx\/index.php?rest_route=%2Fwp%2Fv2%2Fcategories&post=45092"},{"taxonomy":"post_tag","embeddable":true,"href":"https:\/\/estado29.mx\/index.php?rest_route=%2Fwp%2Fv2%2Ftags&post=45092"}],"curies":[{"name":"wp","href":"https:\/\/api.w.org\/{rel}","templated":true}]}}