{"id":45099,"date":"2019-03-18T13:40:54","date_gmt":"2019-03-18T19:40:54","guid":{"rendered":"http:\/\/estado29.mx\/?p=45099"},"modified":"2019-03-18T14:16:56","modified_gmt":"2019-03-18T20:16:56","slug":"presidente-de-canaco-servytur-en-chiautempan-trabajara-para-ser-parte-efectiva-de-programas","status":"publish","type":"post","link":"https:\/\/estado29.mx\/?p=45099","title":{"rendered":"Presidente de Canaco-Servytur en Chiautempan trabajar\u00e1 a favor de afiliados"},"content":{"rendered":"\n<p><em>El trabajo que se realizar\u00e1 ser\u00e1 para impulsar sus negocios mediante\ncapacitaciones en el uso de nuevas tecnolog\u00edas, la adquisici\u00f3n de la misma y\notros beneficios como la propiedad de marca<\/em><\/p>\n\n\n\n<p>Al tomar protesta como presidente\nde la C\u00e1mara Nacional de Comercio, Servicios y Turismo (Canaco-Servytur) Regi\u00f3n\nCentro Sur, con sede en Chiautempan, Rafael Cuecuecha Rodr\u00edguez en sustituci\u00f3n\nde Ver\u00f3nica Cuapio Reyes por el periodo de un a\u00f1o, exhort\u00f3 a los afiliados y a\nacercarse a la Canaco para vincularlos de forma efectiva a los distintos\nprogramas de gobierno federal y estatal. <\/p>\n\n\n\n<p>Asever\u00f3 que el trabajo que se\nrealizar\u00e1 ser\u00e1 para impulsar sus negocios mediante capacitaciones en el uso de\nnuevas tecnolog\u00edas, la adquisici\u00f3n de la misma y otros beneficios como la\npropiedad de marca.<\/p>\n\n\n\n<p>Asimismo, asegur\u00f3 que va a defender,\nproteger e impulsar la actividad de los socios afiliados, con base en su carta\nde constituci\u00f3n y los objetivos anuales. <\/p>\n\n\n\n<p>La mesa directiva est\u00e1 integrada\ntambi\u00e9n por Javier Tor\u00edz Guti\u00e9rrez como Secretario General; como vicepresidencia,\nJudith Torres S\u00e1nchez, empresaria del ramo textil; como vicepresidente de Cultura\ny Deporte, Leobardo Lira, dedicado al comercio de abarrotes; mientras que Jos\u00e9\nRub\u00e9n Castillo Montiel es el nuevo Director General de la C\u00e1mara.<\/p>\n\n\n\n<p>Esta toma de protesta se realiz\u00f3\nen la sede de la c\u00e1mara en Chiautempan, donde acudieron empresarios y\ncomerciantes, entre ellos la lideresa del comercio ambulante en la ciudad,\nPetra Dom\u00ednguez, o bien, la dirigente de los comerciantes del mercado\nmunicipal, Margarita Flores Lima. <\/p>\n\n\n\n<p>Los encargados de tomar protesta a\nla nueva mesa directiva fueron el titular de la Asociaci\u00f3n de Presidentes de\nComunidad del Estado de Tlaxcala, Lucas Nava Flores, junto con Mario Olivares\nP\u00e9rez, Secretario Particular del Presidente Municipal de Chiautempan, H\u00e9ctor\nDom\u00ednguez Rugerio. <\/p>\n","protected":false},"excerpt":{"rendered":"<p>El trabajo que se realizar\u00e1 ser\u00e1 para impulsar sus negocios mediante capacitaciones en el uso de nuevas tecnolog\u00edas, la adquisici\u00f3n de la misma y otros beneficios como la propiedad de marca Al tomar protesta como presidente de la C\u00e1mara Nacional de Comercio, Servicios y Turismo (Canaco-Servytur) Regi\u00f3n Centro Sur, con sede en Chiautempan, Rafael Cuecuecha [&hellip;]<\/p>\n","protected":false},"author":28,"featured_media":0,"comment_status":"open","ping_status":"open","sticky":false,"template":"","format":"standard","meta":{"om_disable_all_campaigns":false,"_monsterinsights_skip_tracking":false,"_monsterinsights_sitenote_active":false,"_monsterinsights_sitenote_note":"","_monsterinsights_sitenote_category":0,"jnews-multi-image_gallery":[],"jnews_single_post":[],"jnews_primary_category":[],"footnotes":""},"categories":[],"tags":[],"class_list":["post-45099","post","type-post","status-publish","format-standard","hentry"],"aioseo_notices":[],"_links":{"self":[{"href":"https:\/\/estado29.mx\/index.php?rest_route=\/wp\/v2\/posts\/45099","targetHints":{"allow":["GET"]}}],"collection":[{"href":"https:\/\/estado29.mx\/index.php?rest_route=\/wp\/v2\/posts"}],"about":[{"href":"https:\/\/estado29.mx\/index.php?rest_route=\/wp\/v2\/types\/post"}],"author":[{"embeddable":true,"href":"https:\/\/estado29.mx\/index.php?rest_route=\/wp\/v2\/users\/28"}],"replies":[{"embeddable":true,"href":"https:\/\/estado29.mx\/index.php?rest_route=%2Fwp%2Fv2%2Fcomments&post=45099"}],"version-history":[{"count":2,"href":"https:\/\/estado29.mx\/index.php?rest_route=\/wp\/v2\/posts\/45099\/revisions"}],"predecessor-version":[{"id":45122,"href":"https:\/\/estado29.mx\/index.php?rest_route=\/wp\/v2\/posts\/45099\/revisions\/45122"}],"wp:attachment":[{"href":"https:\/\/estado29.mx\/index.php?rest_route=%2Fwp%2Fv2%2Fmedia&parent=45099"}],"wp:term":[{"taxonomy":"category","embeddable":true,"href":"https:\/\/estado29.mx\/index.php?rest_route=%2Fwp%2Fv2%2Fcategories&post=45099"},{"taxonomy":"post_tag","embeddable":true,"href":"https:\/\/estado29.mx\/index.php?rest_route=%2Fwp%2Fv2%2Ftags&post=45099"}],"curies":[{"name":"wp","href":"https:\/\/api.w.org\/{rel}","templated":true}]}}