{"id":45103,"date":"2019-03-18T13:45:23","date_gmt":"2019-03-18T19:45:23","guid":{"rendered":"http:\/\/estado29.mx\/?p=45103"},"modified":"2019-03-18T14:11:34","modified_gmt":"2019-03-18T20:11:34","slug":"la-pgje-no-registra-denuncias-por-la-presencia-de-mensaje-del-grupos-delincuenciales","status":"publish","type":"post","link":"https:\/\/estado29.mx\/?p=45103","title":{"rendered":"La PGJE no registra denuncias por \u201cMensajes del Grupos delincuenciales\u201d"},"content":{"rendered":"\n<p><em>El tema podr\u00eda estar m\u00e1s relacionado con la delincuencia\nlocal, que pretenda aprovechar ese tipo de hechos violentos para establecer miedo\na la sociedad<\/em><\/p>\n\n\n\n<p>El Procurador General\nde Justicia del Estado de Tlaxcala, (PGJE) Jos\u00e9 Antonio Aquiahuatl S\u00e1nchez,\ninform\u00f3 que se investiga la procedencia de las dos \u201cmantas\u201d con mensajes encontradas\nTlaxcala y Apizaco, no obstante descart\u00f3 que se trate de grupos\ndelincuenciales, pero podr\u00eda ser una \u201csituaci\u00f3n\u201d local.<\/p>\n\n\n\n<p>Insisti\u00f3 que el tema\npodr\u00eda estar m\u00e1s relacionado con la delincuencia local, que pretenda aprovechar\nese tipo de hechos violentos para establecer miedo a la sociedad, o para que la\nsociedad cometa otros delitos. <\/p>\n\n\n\n<p>Aquiahuatl S\u00e1nchez,\ninform\u00f3 que sobre estos&nbsp; hechos en la PGJE,&nbsp; no se ha radicado ninguna denuncias por la\naparici\u00f3n de estos \u201cmensajes\u201d, por lo que nadie se ha sentido amenazado o\nafectado, y requieran de la intervenci\u00f3n de las autoridades por el presunto cobro\nde cuotas, como se advert\u00eda en una de las&nbsp;\nlonas dirigida a los tianguistas en la capital.<\/p>\n\n\n\n<p>Record\u00f3 que otras\nmantas han sido colgadas con mensajes, como en el caso de Contla donde&nbsp; fue encontrado&nbsp; un cuerpo humano sin vida, el cual lo fueron\na dejar en esa regi\u00f3n, pero el mensaje fue claro del cual se pudo deducir se\ntrat\u00f3 de algo personal, por eso es fundamental concluir con las indagatorias.<\/p>\n","protected":false},"excerpt":{"rendered":"<p>El tema podr\u00eda estar m\u00e1s relacionado con la delincuencia local, que pretenda aprovechar ese tipo de hechos violentos para establecer miedo a la sociedad El Procurador General de Justicia del Estado de Tlaxcala, (PGJE) Jos\u00e9 Antonio Aquiahuatl S\u00e1nchez, inform\u00f3 que se investiga la procedencia de las dos \u201cmantas\u201d con mensajes encontradas Tlaxcala y Apizaco, no [&hellip;]<\/p>\n","protected":false},"author":28,"featured_media":0,"comment_status":"open","ping_status":"open","sticky":false,"template":"","format":"standard","meta":{"om_disable_all_campaigns":false,"_monsterinsights_skip_tracking":false,"_monsterinsights_sitenote_active":false,"_monsterinsights_sitenote_note":"","_monsterinsights_sitenote_category":0,"jnews-multi-image_gallery":[],"jnews_single_post":[],"jnews_primary_category":[],"footnotes":""},"categories":[],"tags":[],"class_list":["post-45103","post","type-post","status-publish","format-standard","hentry"],"aioseo_notices":[],"_links":{"self":[{"href":"https:\/\/estado29.mx\/index.php?rest_route=\/wp\/v2\/posts\/45103","targetHints":{"allow":["GET"]}}],"collection":[{"href":"https:\/\/estado29.mx\/index.php?rest_route=\/wp\/v2\/posts"}],"about":[{"href":"https:\/\/estado29.mx\/index.php?rest_route=\/wp\/v2\/types\/post"}],"author":[{"embeddable":true,"href":"https:\/\/estado29.mx\/index.php?rest_route=\/wp\/v2\/users\/28"}],"replies":[{"embeddable":true,"href":"https:\/\/estado29.mx\/index.php?rest_route=%2Fwp%2Fv2%2Fcomments&post=45103"}],"version-history":[{"count":2,"href":"https:\/\/estado29.mx\/index.php?rest_route=\/wp\/v2\/posts\/45103\/revisions"}],"predecessor-version":[{"id":45121,"href":"https:\/\/estado29.mx\/index.php?rest_route=\/wp\/v2\/posts\/45103\/revisions\/45121"}],"wp:attachment":[{"href":"https:\/\/estado29.mx\/index.php?rest_route=%2Fwp%2Fv2%2Fmedia&parent=45103"}],"wp:term":[{"taxonomy":"category","embeddable":true,"href":"https:\/\/estado29.mx\/index.php?rest_route=%2Fwp%2Fv2%2Fcategories&post=45103"},{"taxonomy":"post_tag","embeddable":true,"href":"https:\/\/estado29.mx\/index.php?rest_route=%2Fwp%2Fv2%2Ftags&post=45103"}],"curies":[{"name":"wp","href":"https:\/\/api.w.org\/{rel}","templated":true}]}}