{"id":45110,"date":"2019-03-18T13:55:39","date_gmt":"2019-03-18T19:55:39","guid":{"rendered":"http:\/\/estado29.mx\/?p=45110"},"modified":"2019-03-18T13:46:04","modified_gmt":"2019-03-18T19:46:04","slug":"en-la-malinche-se-presenta-mas-de-80-incendios-provocados","status":"publish","type":"post","link":"https:\/\/estado29.mx\/?p=45110","title":{"rendered":"En la Malinche se presenta m\u00e1s de 80 incendios  provocados"},"content":{"rendered":"\n<p><em>El a\u00f1o pasado se registraron 350 incendios;\nlamentablemente cada a\u00f1o las cifras sube hasta los 400, sin embargo las\nafectaciones son m\u00ednimas de dos a tres&nbsp;\nhect\u00e1reas<\/em><\/p>\n\n\n\n<p>El Parque Nacional\nMalinche (PNM) registr\u00f3 al corte de la semana del 11 al 15 de marzo m\u00e1s de 80\nincendios, que s\u00f3lo han afectado pastizales en la monta\u00f1a; el 99 por cientos de\nestas conflagraciones fueron provocadas por la mano del hombre.<\/p>\n\n\n\n<p>Lo anterior lo dio a\nconocer el Coordinador General de Ecolog\u00eda (CGE), Efra\u00edn Flores Hern\u00e1ndez, quien\nresalt\u00f3 que estos incendios no han afectado \u00e1rbol adulto, debido a la\nintervenci\u00f3n inmediata del personal de la dependencia estatal y los brigadistas\nde la Comisi\u00f3n Nacional Forestal (Conafor). <\/p>\n\n\n\n<p>Agreg\u00f3 el a\u00f1o pasado\nse registraron 350 incendios; lamentablemente cada a\u00f1o las cifras sube hasta\nlos 400, sin embargo las afectaciones son m\u00ednimas de dos a tres&nbsp; hect\u00e1reas. <\/p>\n\n\n\n<p>Agreg\u00f3 que fuera del\nparque nacional, se han tenido m\u00e1s de 40 conflagraciones en las diferentes\nzonas boscosas y cerros del estado, que tampoco han afectado los cuerpos verdes\nde importancia.<\/p>\n\n\n\n<p>\u201cHay una gran\npreocupaci\u00f3n porque la gran mayor\u00eda de los incendios son provocados o son por un\ndescuido, y el descuido es porque mucha gente ha visto ya la necesidad del\nrenuevo, queman los pastizales&nbsp; con la\nidea de que se renueve&nbsp; y&nbsp;&nbsp; muchas&nbsp;\nveces no lo hacen en el horario apropiado, no siguen los protocolos y se\nsalen de control&nbsp; y es donde deben\nintervenir las autoridades\u201d. <\/p>\n\n\n\n<p>En este sentido,\nexhort\u00f3 a los hombres del campo a que avisen a las autoridades, que van a&nbsp; realizar la quema de los rastrojos, s\u00f3lo para\nestar alertas e intervenir de ser necesario si el fuego se sale control.<\/p>\n\n\n\n<p>Adelant\u00f3 que la CGE\nemprender\u00e1 una campa\u00f1a de recomendaciones para la gente que decida subir a la\nmonta\u00f1a, pues la temporada de estiaje se aprecia muy compleja, con temperaturas\nmuy altas, lo que est\u00e1 provocando la presencia de muchos incendios. <\/p>\n\n\n\n<p>Estim\u00f3 que si se\nretrasan las lluvias se tendr\u00e1n&nbsp; mayores\ncomplicaciones, en contra parte se si llegan de acuerdo a su tiempo, los incendios\ndejar\u00e1n de presentarse por obvias razones.&nbsp;\n<\/p>\n\n\n\n<p>En este contexto\ninvit\u00f3 a los paseantes a la monta\u00f1a a tener responsabilidad, pues ya existe\namplia seguridad que dispuso la Comisi\u00f3n Estatal de Seguridad (CES), sobre todo\ncon polic\u00edas de Monta\u00f1a; pero deben atender las indicaciones. <\/p>\n","protected":false},"excerpt":{"rendered":"<p>El a\u00f1o pasado se registraron 350 incendios; lamentablemente cada a\u00f1o las cifras sube hasta los 400, sin embargo las afectaciones son m\u00ednimas de dos a tres&nbsp; hect\u00e1reas El Parque Nacional Malinche (PNM) registr\u00f3 al corte de la semana del 11 al 15 de marzo m\u00e1s de 80 incendios, que s\u00f3lo han afectado pastizales en la [&hellip;]<\/p>\n","protected":false},"author":28,"featured_media":0,"comment_status":"open","ping_status":"open","sticky":false,"template":"","format":"standard","meta":{"om_disable_all_campaigns":false,"_monsterinsights_skip_tracking":false,"_monsterinsights_sitenote_active":false,"_monsterinsights_sitenote_note":"","_monsterinsights_sitenote_category":0,"jnews-multi-image_gallery":[],"jnews_single_post":[],"jnews_primary_category":[],"footnotes":""},"categories":[],"tags":[],"class_list":["post-45110","post","type-post","status-publish","format-standard","hentry"],"aioseo_notices":[],"_links":{"self":[{"href":"https:\/\/estado29.mx\/index.php?rest_route=\/wp\/v2\/posts\/45110","targetHints":{"allow":["GET"]}}],"collection":[{"href":"https:\/\/estado29.mx\/index.php?rest_route=\/wp\/v2\/posts"}],"about":[{"href":"https:\/\/estado29.mx\/index.php?rest_route=\/wp\/v2\/types\/post"}],"author":[{"embeddable":true,"href":"https:\/\/estado29.mx\/index.php?rest_route=\/wp\/v2\/users\/28"}],"replies":[{"embeddable":true,"href":"https:\/\/estado29.mx\/index.php?rest_route=%2Fwp%2Fv2%2Fcomments&post=45110"}],"version-history":[{"count":1,"href":"https:\/\/estado29.mx\/index.php?rest_route=\/wp\/v2\/posts\/45110\/revisions"}],"predecessor-version":[{"id":45113,"href":"https:\/\/estado29.mx\/index.php?rest_route=\/wp\/v2\/posts\/45110\/revisions\/45113"}],"wp:attachment":[{"href":"https:\/\/estado29.mx\/index.php?rest_route=%2Fwp%2Fv2%2Fmedia&parent=45110"}],"wp:term":[{"taxonomy":"category","embeddable":true,"href":"https:\/\/estado29.mx\/index.php?rest_route=%2Fwp%2Fv2%2Fcategories&post=45110"},{"taxonomy":"post_tag","embeddable":true,"href":"https:\/\/estado29.mx\/index.php?rest_route=%2Fwp%2Fv2%2Ftags&post=45110"}],"curies":[{"name":"wp","href":"https:\/\/api.w.org\/{rel}","templated":true}]}}