{"id":45137,"date":"2019-03-18T09:58:09","date_gmt":"2019-03-18T15:58:09","guid":{"rendered":"http:\/\/estado29.mx\/?p=45137"},"modified":"2019-03-19T11:04:46","modified_gmt":"2019-03-19T17:04:46","slug":"45137","status":"publish","type":"post","link":"https:\/\/estado29.mx\/?p=45137","title":{"rendered":""},"content":{"rendered":"\n<p>Con&nbsp; frecuencia escuchamos el t\u00e9rmino ciudadan\u00eda\nsin que sepamos con exactitud a qu\u00e9 nos referimos,&nbsp; este t\u00e9rmino alude al \u201cconjunto de derechos y\ndeberes para todos los miembros de una comunidad pol\u00edtica as\u00ed como su\npertenec\u00eda en condiciones de igualdad\u201d (Hurtado, 2014). No obstante de que el\nconcepto es muy amplio, los derechos pol\u00edticos se han reducido casi\nexclusivamente a votar en las jornadas electorales, pero como sabemos el\nejercicio de estos derechos implica una participaci\u00f3n m\u00e1s amplia, tambi\u00e9n se\ntraduce en la posibilidad de tomar parte en la toma de decisiones en el \u00e1mbito\np\u00fablico y de exigir cuentas a las autoridades electas.<\/p>\n\n\n\n<p>&nbsp;&nbsp;&nbsp;&nbsp;&nbsp;&nbsp;&nbsp;&nbsp;&nbsp;&nbsp;&nbsp;&nbsp;&nbsp;&nbsp;&nbsp; La\nSociedad Civil por su parte, es \u201cun espacio permeado por la pol\u00edtica en el que\nse articulan demandas e intereses diversos que permiten la constituci\u00f3n (\u2026) de\nidentidades de diversa \u00edndole, lo que a su vez puede derivar en estrategias de\nacci\u00f3n colectiva de la ciudadan\u00eda en general y de los movimientos sociales en\nparticular\u201d (Hurtado, 2014). As\u00ed, los movimientos sociales son actores que\nforman parte de la sociedad civil&nbsp; y\nrepresentan los proyectos de los actores colectivos contempor\u00e1neos.<\/p>\n\n\n\n<p>&nbsp;&nbsp;&nbsp;&nbsp;&nbsp;&nbsp;&nbsp;&nbsp;&nbsp;&nbsp;&nbsp;&nbsp;&nbsp;&nbsp;&nbsp; Estos\nactores reclaman el reconocimiento de sus identidades, intereses y necesidades\ntanto individuales como colectivas y se han convertido en canales de\nmanifestaci\u00f3n del descontento y de la necesidad de generar cambios. &nbsp;El hecho de que en nuestro pa\u00eds se enfrente un\ngrave problema de desigualdad, genera una serie de demandas desde diversos\ngrupos tales como feministas, ecologistas, sexodiversos, estudiantiles,\nobreros, etnias ind\u00edgenas, afrodescendientes entre otros. Y es que a decir de\nalgunos estudiosos del tema (Kimlicka y Norman, 1997) el vigor y la estabilidad\nde una democracia moderna, no dependen solamente de la justicia de su\nestructura b\u00e1sica, sino tambi\u00e9n de las cualidades y actitudes de las y los\nciudadanos.<\/p>\n\n\n\n<p>&nbsp;&nbsp;&nbsp;&nbsp;&nbsp;&nbsp;&nbsp;&nbsp;&nbsp;&nbsp;&nbsp;&nbsp;&nbsp;&nbsp;&nbsp; En\nel caso de los pueblos ind\u00edgenas, quienes asumen una identidad \u00e9tnica con base\nen su cultura, sus instituciones y una historia que los define como los pueblos\naut\u00f3ctonos del pa\u00eds y descendientes de las sociedades mesoamericanas, representan\nel 10 % de la poblaci\u00f3n total de nuestro pa\u00eds, quienes han demandado el\nreconocimiento de su identidad, el respeto a su derecho a la autodeterminaci\u00f3n\ny autonom\u00eda para autogobernarse.<\/p>\n\n\n\n<p>&nbsp;&nbsp;&nbsp;&nbsp;&nbsp;&nbsp;&nbsp;&nbsp;&nbsp;&nbsp;&nbsp;&nbsp;&nbsp;&nbsp;&nbsp; Otro\nde los grupos que mayor movilizaci\u00f3n han tenido han sido las feministas que\nabanderan demandas de eliminaci\u00f3n de toda forma de violencia de g\u00e9nero entre\nellas, en el \u00e1mbito pol\u00edtico, la violaci\u00f3n, la desaparici\u00f3n forzada, la trata\ncon fines de explotaci\u00f3n sexual y comercial; la m\u00e1s extrema que es el\nfeminicidio,&nbsp; as\u00ed como el respeto al\nderecho de las mujeres a decidir sobre su reproducci\u00f3n, que por cierto, es un\nderecho ya previsto en el art\u00edculo cuarto constitucional; las mujeres en este\npa\u00eds tienen derecho a decidir a tener hijos o no, cu\u00e1ntos y cu\u00e1ndo tenerlos. El\ncual se ha visto limitado porque una decisi\u00f3n que debe ser personal, est\u00e1\nsiendo interferida por actores p\u00fablicos que no tienen raz\u00f3n para opinar. Es muy\nsencillo, el Estado pone reglas y las mujeres disponen de ellas. <\/p>\n\n\n\n<p>&nbsp;&nbsp;&nbsp;&nbsp;&nbsp;&nbsp;&nbsp;&nbsp;&nbsp;&nbsp;&nbsp;&nbsp;&nbsp;&nbsp;&nbsp; Por\notra parte, el movimiento social generado por la comunidad LGBTI tambi\u00e9n se ha\nmanifestado por el reconocimiento a sus derechos para ser reconocido en su identidad,\npara formar parejas, gozar de los mismos beneficios y poder adoptar hijos e\nhijas, as\u00ed como el pleno acceso de sus derechos pol\u00edticos electorales. Por cierto,\ndebemos reconocer los avances en esta materia en nuestro pa\u00eds, ya que el\nInstituto Nacional Electoral emiti\u00f3 una serie de medidas a fin de salvaguardar\nestos derechos. En el caso de la poblaci\u00f3n ind\u00edgena, estableci\u00f3 cuotas en\nla&nbsp; postulaci\u00f3n de candidaturas ind\u00edgenas\ny facilit\u00f3 el ejercicio del voto a personas trans en el pasado proceso electoral\nconcurrente 2017-2018.<\/p>\n\n\n\n<p>&nbsp;&nbsp;&nbsp;&nbsp;&nbsp;&nbsp;&nbsp;&nbsp;&nbsp;&nbsp;&nbsp;&nbsp;&nbsp;&nbsp;&nbsp; En\nel caso de la poblaci\u00f3n afrodescendiente en nuestro pa\u00eds, representan&nbsp; el 1.2 % de la poblaci\u00f3n total<a href=\"#_ftn1\">[1]<\/a>\ny sus demandas se han traducido en el reconocimiento de su identidad y el\nacceso a sus derechos en diversos \u00e1mbitos. Otros movimientos sociales se\nhan&nbsp; generado en torno a la preservaci\u00f3n\ndel medio ambiente, a las demandas de las y los estudiantes as\u00ed como de las\norganizaciones de la sociedad civil que se han encargado de atender a las\nmujeres v\u00edctimas de violencia extrema en el pa\u00eds, el combate a la corrupci\u00f3n,\nentre otras, a las cuales me referir\u00e9 en otro momento.<\/p>\n\n\n\n<p>&nbsp;&nbsp;&nbsp;&nbsp;&nbsp;&nbsp;&nbsp;&nbsp;&nbsp;&nbsp;&nbsp;&nbsp;&nbsp;&nbsp;&nbsp; De\nesta manera se socializa la pol\u00edtica, por lo que como ya se\u00f1al\u00e9, es necesario\nincluir en la reflexi\u00f3n sobre la participaci\u00f3n ciudadana en el \u00e1mbito pol\u00edtico las\nacciones de la ciudadan\u00eda a trav\u00e9s de los movimientos sociales, ya que la forma\nen que se atienden y canalizan sus demandas as\u00ed como su grado de incidencia en\nla agenda p\u00fablica nos permiten evaluar la calidad de la democracia en nuestro\npa\u00eds. En este d\u00eda de asueto, recordamos el natalicio de Benito Ju\u00e1rez el d\u00eda 21\nde marzo, cuya frase emblem\u00e1tica \u201cEntre los individuos, como entre las\nNaciones, el respeto al derecho ajeno es la paz\u201d contin\u00faa siendo vigente hasta\nnuestros d\u00edas.<br><\/p>\n\n\n\n<hr class=\"wp-block-separator\" \/>\n\n\n\n<p><a href=\"#_ftnref1\">[1]<\/a> INEGI,\nEncuesta Intercensal 2015. <\/p>\n","protected":false},"excerpt":{"rendered":"<p>Con&nbsp; frecuencia escuchamos el t\u00e9rmino ciudadan\u00eda sin que sepamos con exactitud a qu\u00e9 nos referimos,&nbsp; este t\u00e9rmino alude al \u201cconjunto de derechos y deberes para todos los miembros de una comunidad pol\u00edtica as\u00ed como su pertenec\u00eda en condiciones de igualdad\u201d (Hurtado, 2014). No obstante de que el concepto es muy amplio, los derechos pol\u00edticos se [&hellip;]<\/p>\n","protected":false},"author":33,"featured_media":0,"comment_status":"open","ping_status":"open","sticky":false,"template":"","format":"standard","meta":{"om_disable_all_campaigns":false,"_monsterinsights_skip_tracking":false,"_monsterinsights_sitenote_active":false,"_monsterinsights_sitenote_note":"","_monsterinsights_sitenote_category":0,"jnews-multi-image_gallery":[],"jnews_single_post":[],"jnews_primary_category":[],"footnotes":""},"categories":[],"tags":[],"class_list":["post-45137","post","type-post","status-publish","format-standard","hentry"],"aioseo_notices":[],"_links":{"self":[{"href":"https:\/\/estado29.mx\/index.php?rest_route=\/wp\/v2\/posts\/45137","targetHints":{"allow":["GET"]}}],"collection":[{"href":"https:\/\/estado29.mx\/index.php?rest_route=\/wp\/v2\/posts"}],"about":[{"href":"https:\/\/estado29.mx\/index.php?rest_route=\/wp\/v2\/types\/post"}],"author":[{"embeddable":true,"href":"https:\/\/estado29.mx\/index.php?rest_route=\/wp\/v2\/users\/33"}],"replies":[{"embeddable":true,"href":"https:\/\/estado29.mx\/index.php?rest_route=%2Fwp%2Fv2%2Fcomments&post=45137"}],"version-history":[{"count":1,"href":"https:\/\/estado29.mx\/index.php?rest_route=\/wp\/v2\/posts\/45137\/revisions"}],"predecessor-version":[{"id":45139,"href":"https:\/\/estado29.mx\/index.php?rest_route=\/wp\/v2\/posts\/45137\/revisions\/45139"}],"wp:attachment":[{"href":"https:\/\/estado29.mx\/index.php?rest_route=%2Fwp%2Fv2%2Fmedia&parent=45137"}],"wp:term":[{"taxonomy":"category","embeddable":true,"href":"https:\/\/estado29.mx\/index.php?rest_route=%2Fwp%2Fv2%2Fcategories&post=45137"},{"taxonomy":"post_tag","embeddable":true,"href":"https:\/\/estado29.mx\/index.php?rest_route=%2Fwp%2Fv2%2Ftags&post=45137"}],"curies":[{"name":"wp","href":"https:\/\/api.w.org\/{rel}","templated":true}]}}