{"id":45148,"date":"2019-03-19T13:39:15","date_gmt":"2019-03-19T19:39:15","guid":{"rendered":"http:\/\/estado29.mx\/?p=45148"},"modified":"2019-03-19T17:16:19","modified_gmt":"2019-03-19T23:16:19","slug":"el-sindicato-del-cecyte-emsad-interpondra-recurso-de-amparo-ante-el-tsje","status":"publish","type":"post","link":"https:\/\/estado29.mx\/?p=45148","title":{"rendered":"El sindicato del Cecyte-Emsad interpondr\u00e1 recurso de amparo ante el Tsje"},"content":{"rendered":"\n<p><em>Busca que el poder judicial obligue al Ejecutivo a hacer el\nnombramiento del director general del Cecyte-Emsad <\/em><\/p>\n\n\n\n<p>Por la omisi\u00f3n que ha\nhecho el Gobernador del Estado, Marco Antonio Mena Rodr\u00edguez para nombrar al nuevo\ndirector general del Colegio de Estudios Cient\u00edficos y Tecnol\u00f3gicos (Cecyte) y\nEducaci\u00f3n Media Superior a Distancia (Emsad), este martes el sindicato de este\nsubsistema educativo, interpondr\u00e1 un recurso de amparo ante los juzgados de\ndistrito en el Tribunal de Superior de Justicia del Estado (Tsje), a fin de que\nse le obligue al Ejecutivo a hacer este nombramiento. <\/p>\n\n\n\n<p>En rueda de prensa,\nZen\u00f3n Ramos Castillo, l\u00edder sindical, detall\u00f3 que desde el a\u00f1o pasado, que\nrenunci\u00f3 el ex director general, Luis Vargas Gonz\u00e1lez, y quien denunci\u00f3 una\nserie de irregularidades; se ha afectado a mil 350 trabajadores sindicalizados\nentre base, interinos e id\u00f3neos, que laboran en 32 de Cecytes y 25 Emsad.<\/p>\n\n\n\n<p>Afirm\u00f3 que es\nnecesario que alguien est\u00e9 al frente del Cecyte-Emsad, ya que esto ha\nparalizado el avance del contrato colectivo de este 2019; incluso el\nemplazamiento a huelga que tienen desde el a\u00f1o pasado. <\/p>\n\n\n\n<p> \u201cDesde el punto de vista material est\u00e1n suspendidos,\u00a0 no tenemos qui\u00e9n sea el interlocutor para levar a cabo el emplazamiento a huelga. Dir\u00edan los abogados que el emplazamiento \u00a0es otra cosa, pero, aqu\u00ed no tenemos con quien llevar estos procedimientos de negociaci\u00f3n, quien tiene la atribuci\u00f3n de nombrarlo, el Gobernador, dicha omisi\u00f3n, es un acto de autoridad lesionando nuestro derecho al acceso a la justicia en el caso espec\u00edfico del emplazamiento a huelga\u201d. <\/p>\n\n\n\n<p>Dijo que esto los\nest\u00e1 afectando, y esperan que con esta v\u00eda del amparo se le ordene al gobierno\ndel estado nombrar al director general.<\/p>\n\n\n\n<p>Agreg\u00f3 que la\npetici\u00f3n del nombramiento lo ha hecho por diversas v\u00edas, y de todas las formas\nposibles, y \u00e9sta ocasi\u00f3n ser\u00e1 a trav\u00e9s de lo legal, incluso, es la primera vez que\nen la entidad que se hace este juicio de amparo para que se d\u00e9 el nombramiento\ndel director general, pero ante la omisi\u00f3n, se vieron en la necesidad de acudir\na este recurso, el cual quieren se cumpla, porque se da\u00f1a a los trabajadores,\nen este caso a los que est\u00e1n en el sindicato. <\/p>\n\n\n\n<p>Indic\u00f3 que solicitan\nun 20 por ciento de aumento al salario, pero eso es lo de menos, ya que lo\nimportante es el nombramiento del director general, porque esto perjudica los\nderechos de los sindicalizados del Cecyte-Emsad. <\/p>\n","protected":false},"excerpt":{"rendered":"<p>Busca que el poder judicial obligue al Ejecutivo a hacer el nombramiento del director general del Cecyte-Emsad Por la omisi\u00f3n que ha hecho el Gobernador del Estado, Marco Antonio Mena Rodr\u00edguez para nombrar al nuevo director general del Colegio de Estudios Cient\u00edficos y Tecnol\u00f3gicos (Cecyte) y Educaci\u00f3n Media Superior a Distancia (Emsad), este martes el [&hellip;]<\/p>\n","protected":false},"author":28,"featured_media":0,"comment_status":"open","ping_status":"open","sticky":false,"template":"","format":"standard","meta":{"om_disable_all_campaigns":false,"_monsterinsights_skip_tracking":false,"_monsterinsights_sitenote_active":false,"_monsterinsights_sitenote_note":"","_monsterinsights_sitenote_category":0,"jnews-multi-image_gallery":[],"jnews_single_post":[],"jnews_primary_category":[],"footnotes":""},"categories":[],"tags":[],"class_list":["post-45148","post","type-post","status-publish","format-standard","hentry"],"aioseo_notices":[],"_links":{"self":[{"href":"https:\/\/estado29.mx\/index.php?rest_route=\/wp\/v2\/posts\/45148","targetHints":{"allow":["GET"]}}],"collection":[{"href":"https:\/\/estado29.mx\/index.php?rest_route=\/wp\/v2\/posts"}],"about":[{"href":"https:\/\/estado29.mx\/index.php?rest_route=\/wp\/v2\/types\/post"}],"author":[{"embeddable":true,"href":"https:\/\/estado29.mx\/index.php?rest_route=\/wp\/v2\/users\/28"}],"replies":[{"embeddable":true,"href":"https:\/\/estado29.mx\/index.php?rest_route=%2Fwp%2Fv2%2Fcomments&post=45148"}],"version-history":[{"count":4,"href":"https:\/\/estado29.mx\/index.php?rest_route=\/wp\/v2\/posts\/45148\/revisions"}],"predecessor-version":[{"id":45177,"href":"https:\/\/estado29.mx\/index.php?rest_route=\/wp\/v2\/posts\/45148\/revisions\/45177"}],"wp:attachment":[{"href":"https:\/\/estado29.mx\/index.php?rest_route=%2Fwp%2Fv2%2Fmedia&parent=45148"}],"wp:term":[{"taxonomy":"category","embeddable":true,"href":"https:\/\/estado29.mx\/index.php?rest_route=%2Fwp%2Fv2%2Fcategories&post=45148"},{"taxonomy":"post_tag","embeddable":true,"href":"https:\/\/estado29.mx\/index.php?rest_route=%2Fwp%2Fv2%2Ftags&post=45148"}],"curies":[{"name":"wp","href":"https:\/\/api.w.org\/{rel}","templated":true}]}}