{"id":45159,"date":"2019-03-19T15:19:44","date_gmt":"2019-03-19T21:19:44","guid":{"rendered":"http:\/\/estado29.mx\/?p=45159"},"modified":"2019-03-19T17:12:11","modified_gmt":"2019-03-19T23:12:11","slug":"listas-las-reglas-de-operacion-de-superate-mena-rodriguez","status":"publish","type":"post","link":"https:\/\/estado29.mx\/?p=45159","title":{"rendered":"Listas las reglas de operaci\u00f3n de \u201cSup\u00e9rate\u201d: Mena Rodr\u00edguez"},"content":{"rendered":"\n<p><em>Detall\u00f3 que se tienen 74 mil personas en condiciones de\npobreza extrema, por lo que van a iniciar en 13 municipios<\/em><\/p>\n\n\n\n<p>El Gobernador del Estado,\nMarco Antonio Mena Rodr\u00edguez, adelant\u00f3 que el programa \u201cSup\u00e9rate\u201d, que anunci\u00f3\nen diciembre de 2018, est\u00e1 listo en sus las reglas de operaci\u00f3n, el cual ser\u00e1 muy\ncompleto en su dise\u00f1o, y en c\u00f3mo se ha tomado ejemplo de otros pa\u00edses, para que\ntener resultados efectivos en la reducci\u00f3n de pobreza extrema. <\/p>\n\n\n\n<p>02\u201942\u201d-03\u201910\u201d \u201cEstas\nreglas de operaci\u00f3n se van a conocer, y ser\u00e1 un programa que pueda tener\ninformaci\u00f3n disponible para que&nbsp; todo\naquel interesado en saber c\u00f3mo va funcionar, no s\u00f3lo en su aspecto&nbsp; presupuestal sino&nbsp; operativos pueda saber detalles&nbsp; del programa. Nosotros queremos documentarlo\npara tener referencia de un programa social \u00e9xitos\u201d.<\/p>\n\n\n\n<p>En el caso del\nestado,&nbsp; detall\u00f3 que se tienen 74 mil\npersonas en condiciones de pobreza extrema, por lo que van a iniciar en 13\nmunicipios, y poco a poco avanzar\u00e1n; y en el 2021 esperan hayan cubierto la\ntotalidad del estado, no los municipios completos.<\/p>\n\n\n\n<p> \u201cLos trabajos\u00a0 estar\u00e1n focalizados en \u00e1reas que ha se\u00f1alado el INEGI, que se llaman \u00e1reas\u00a0 Geo estad\u00edsticas B\u00e1sicas. Estos lugares que ha identificado el INEGI son los que van a concentrar el trabajo del gobierno estatal. Y yo tambi\u00e9n le plante al presidente los programas federales se apliquen al mismo tiempo para poder hacer un equipo, un trabajo de pinza y hacer un efecto\u201d.<\/p>\n\n\n\n<p>Asimismo, en el caso\ndel proyecto carretero que dio a conocer en su visita a Tlaxcala,&nbsp; el presidente de M\u00e9xico, Andr\u00e9s Manuel L\u00f3pez\nObrador,&nbsp; inform\u00f3 que tuvieron una reuni\u00f3n\ncon el Secretario de Comunicaciones y Transportes, Javier Jim\u00e9nez Esp\u00edritu,\npara el mantenimiento de la red carretera, por lo que 200 millones de pesos se\nvan a utilizar, dentro de la Modernizaci\u00f3n de la carretera Tlaxcala-Apizaco. <\/p>\n\n\n\n<p>Agreg\u00f3 que no se van\na duplicar los programas estatales y federales, por lo que se van a reunir con\nel gobierno federal para trabajar a la par y a favor de los tlaxcaltecas. <\/p>\n","protected":false},"excerpt":{"rendered":"<p>Detall\u00f3 que se tienen 74 mil personas en condiciones de pobreza extrema, por lo que van a iniciar en 13 municipios El Gobernador del Estado, Marco Antonio Mena Rodr\u00edguez, adelant\u00f3 que el programa \u201cSup\u00e9rate\u201d, que anunci\u00f3 en diciembre de 2018, est\u00e1 listo en sus las reglas de operaci\u00f3n, el cual ser\u00e1 muy completo en su [&hellip;]<\/p>\n","protected":false},"author":28,"featured_media":0,"comment_status":"open","ping_status":"open","sticky":false,"template":"","format":"standard","meta":{"om_disable_all_campaigns":false,"_monsterinsights_skip_tracking":false,"_monsterinsights_sitenote_active":false,"_monsterinsights_sitenote_note":"","_monsterinsights_sitenote_category":0,"jnews-multi-image_gallery":[],"jnews_single_post":[],"jnews_primary_category":[],"footnotes":""},"categories":[],"tags":[],"class_list":["post-45159","post","type-post","status-publish","format-standard","hentry"],"aioseo_notices":[],"_links":{"self":[{"href":"https:\/\/estado29.mx\/index.php?rest_route=\/wp\/v2\/posts\/45159","targetHints":{"allow":["GET"]}}],"collection":[{"href":"https:\/\/estado29.mx\/index.php?rest_route=\/wp\/v2\/posts"}],"about":[{"href":"https:\/\/estado29.mx\/index.php?rest_route=\/wp\/v2\/types\/post"}],"author":[{"embeddable":true,"href":"https:\/\/estado29.mx\/index.php?rest_route=\/wp\/v2\/users\/28"}],"replies":[{"embeddable":true,"href":"https:\/\/estado29.mx\/index.php?rest_route=%2Fwp%2Fv2%2Fcomments&post=45159"}],"version-history":[{"count":2,"href":"https:\/\/estado29.mx\/index.php?rest_route=\/wp\/v2\/posts\/45159\/revisions"}],"predecessor-version":[{"id":45176,"href":"https:\/\/estado29.mx\/index.php?rest_route=\/wp\/v2\/posts\/45159\/revisions\/45176"}],"wp:attachment":[{"href":"https:\/\/estado29.mx\/index.php?rest_route=%2Fwp%2Fv2%2Fmedia&parent=45159"}],"wp:term":[{"taxonomy":"category","embeddable":true,"href":"https:\/\/estado29.mx\/index.php?rest_route=%2Fwp%2Fv2%2Fcategories&post=45159"},{"taxonomy":"post_tag","embeddable":true,"href":"https:\/\/estado29.mx\/index.php?rest_route=%2Fwp%2Fv2%2Ftags&post=45159"}],"curies":[{"name":"wp","href":"https:\/\/api.w.org\/{rel}","templated":true}]}}