{"id":45163,"date":"2019-03-19T15:55:40","date_gmt":"2019-03-19T21:55:40","guid":{"rendered":"http:\/\/estado29.mx\/?p=45163"},"modified":"2019-03-19T17:08:35","modified_gmt":"2019-03-19T23:08:35","slug":"la-coordinadora-nacional-plan-de-ayala-pide-atencion-a-la-secretaria-del-bienestar","status":"publish","type":"post","link":"https:\/\/estado29.mx\/?p=45163","title":{"rendered":"La Coordinadora Nacional \u201cPlan de Ayala\u201d pide atenci\u00f3n a la Secretar\u00eda del Bienestar"},"content":{"rendered":"\n<p>Integrantes de la\nCoordinadora Nacional \u201cPlan de Ayala\u201d tomaron este martes las instalaciones de\nla Secretar\u00eda del Bienestar para exigir que el Gobierno Federal&nbsp; les de la atenci\u00f3n que merecen, esto porque les\nhan dicho que las Organizaciones No Gubernamentales (ONG\u2019S), quedar\u00e1n fuera de\nlas gestiones de los programas sociales,&nbsp;\npero, estas fueron creadas, antes de que llegara Andr\u00e9s Manuel L\u00f3pez\nObrador a la presidencia de la Rep\u00fablica. <\/p>\n\n\n\n<p>La dirigente de esta\norganizaci\u00f3n en Tlaxcala, Marcela Mota Babilonia, precis\u00f3 que esta\nmanifestaci\u00f3n fue de manera simult\u00e1nea en todo el&nbsp; pa\u00eds,&nbsp;\npor lo que no est\u00e1n de acuerdo con la postura del presidente,&nbsp; pues tal parece que se le olvid\u00f3 que fue\nemanado de una organizaci\u00f3n, por lo tanto debe cambiar su postura.<\/p>\n\n\n\n<p>Asimismo, argument\u00f3\nque otra situaci\u00f3n es la liberaci\u00f3n de los programas, que no est\u00e1n fluyendo\ncomo debe ser,&nbsp; pues observan retraso y\ndesconocimiento de las nuevas reglas de operaci\u00f3n que se difunde en diversas\nplataformas de manera digital, y son de dif\u00edcil acceso para los hombres del\ncampo. <\/p>\n\n\n\n<p>Mota Babilonia,\nreconoci\u00f3 que las dependencias federales que un funcionan en la entidad los han\ntratado muy bien, por lo que es una cuesti\u00f3n con la federaci\u00f3n, ya que en su\ncaso no se les ha dado respuesta para la ejecuci\u00f3n de dos carreteras necesarias\npara el transporte en \u201cMaguey Cenizo\u201d, \u201cLas Vigas\u201d y \u201cRancher\u00eda las Mesas\u201d,\ntodas en Tlaxco, donde el transporte s\u00f3lo una vez a la semana pasa.<\/p>\n\n\n\n<p>Consider\u00f3&nbsp; que en otros lugares presumen de grandes&nbsp; v\u00edas de comunicaci\u00f3n, hasta levantan los\npavimentos para hacer otros,&nbsp; y mientras\nen&nbsp; los pueblos est\u00e1n incomunicados; por\nello, insistir\u00e1n en sus proyectos carreteros de 12 kil\u00f3metros cada uno.<\/p>\n\n\n\n<p>Advirti\u00f3 que se\nquedar\u00e1n dos d\u00edas, a partir de hoy en la Secretaria del Bienestar,&nbsp; hasta que sus dirigentes nacionales giren\nnuevas instrucciones,&nbsp; adem\u00e1s\nesperan&nbsp; respuestas positivas sobre sus\nproyectos carreteros.<\/p>\n","protected":false},"excerpt":{"rendered":"<p>Integrantes de la Coordinadora Nacional \u201cPlan de Ayala\u201d tomaron este martes las instalaciones de la Secretar\u00eda del Bienestar para exigir que el Gobierno Federal&nbsp; les de la atenci\u00f3n que merecen, esto porque les han dicho que las Organizaciones No Gubernamentales (ONG\u2019S), quedar\u00e1n fuera de las gestiones de los programas sociales,&nbsp; pero, estas fueron creadas, antes [&hellip;]<\/p>\n","protected":false},"author":28,"featured_media":0,"comment_status":"open","ping_status":"open","sticky":false,"template":"","format":"standard","meta":{"om_disable_all_campaigns":false,"_monsterinsights_skip_tracking":false,"_monsterinsights_sitenote_active":false,"_monsterinsights_sitenote_note":"","_monsterinsights_sitenote_category":0,"jnews-multi-image_gallery":[],"jnews_single_post":[],"jnews_primary_category":[],"footnotes":""},"categories":[],"tags":[],"class_list":["post-45163","post","type-post","status-publish","format-standard","hentry"],"aioseo_notices":[],"_links":{"self":[{"href":"https:\/\/estado29.mx\/index.php?rest_route=\/wp\/v2\/posts\/45163","targetHints":{"allow":["GET"]}}],"collection":[{"href":"https:\/\/estado29.mx\/index.php?rest_route=\/wp\/v2\/posts"}],"about":[{"href":"https:\/\/estado29.mx\/index.php?rest_route=\/wp\/v2\/types\/post"}],"author":[{"embeddable":true,"href":"https:\/\/estado29.mx\/index.php?rest_route=\/wp\/v2\/users\/28"}],"replies":[{"embeddable":true,"href":"https:\/\/estado29.mx\/index.php?rest_route=%2Fwp%2Fv2%2Fcomments&post=45163"}],"version-history":[{"count":2,"href":"https:\/\/estado29.mx\/index.php?rest_route=\/wp\/v2\/posts\/45163\/revisions"}],"predecessor-version":[{"id":45175,"href":"https:\/\/estado29.mx\/index.php?rest_route=\/wp\/v2\/posts\/45163\/revisions\/45175"}],"wp:attachment":[{"href":"https:\/\/estado29.mx\/index.php?rest_route=%2Fwp%2Fv2%2Fmedia&parent=45163"}],"wp:term":[{"taxonomy":"category","embeddable":true,"href":"https:\/\/estado29.mx\/index.php?rest_route=%2Fwp%2Fv2%2Fcategories&post=45163"},{"taxonomy":"post_tag","embeddable":true,"href":"https:\/\/estado29.mx\/index.php?rest_route=%2Fwp%2Fv2%2Ftags&post=45163"}],"curies":[{"name":"wp","href":"https:\/\/api.w.org\/{rel}","templated":true}]}}