{"id":45167,"date":"2019-03-19T15:59:37","date_gmt":"2019-03-19T21:59:37","guid":{"rendered":"http:\/\/estado29.mx\/?p=45167"},"modified":"2019-03-19T16:00:05","modified_gmt":"2019-03-19T22:00:05","slug":"asegura-luz-vera-que-ella-tambien-forma-parte-del-grupo-de-defraudados","status":"publish","type":"post","link":"https:\/\/estado29.mx\/?p=45167","title":{"rendered":"Asegura Luz Vera que ella tambi\u00e9n forma parte del grupo de defraudados"},"content":{"rendered":"\n<p><strong><em>Asegura\nque solo buscan polarizar el tema para afectar su imagen como diputada local. <\/em><\/strong><\/p>\n\n\n\n<p>Respecto a las acusaciones de haber cometido fraude a un\ngrupo de habitantes de Xochitecatitla, municipio de Nativitas, en el a\u00f1o 2016,\nla diputada local del Partido Encuentro Social (PES), Luz Vera D\u00edaz, revel\u00f3 que\nella tambi\u00e9n fue timada por los supuestos gestores sociales y la autoridad de\ncomunidad. <\/p>\n\n\n\n<p>En entrevista al respecto, declar\u00f3 que ese tema se ha polarizado\nen los \u00faltimos meses con lo que solo buscan afectarla ahora que desempe\u00f1a un\ncargo p\u00fablico, toda vez que ese problema surgi\u00f3 hace tres a\u00f1os. <\/p>\n\n\n\n<p>Incluso, declar\u00f3 que al igual que el grupo de 80 personas\nde Xochitecatitla, ella tambi\u00e9n aport\u00f3 10 mil 500 pesos para conseguir un apoyo\nde vivienda, pero que hasta la fecha no hay respuesta ni la devoluci\u00f3n del dinero.<\/p>\n\n\n\n<p>\u201cYo soy parte de los que fuimos involucrados en lo mismo,\na mi igual me debe esa persona a la que se le entreg\u00f3 el dinero me debe dinero,\nyo soy interesada en que se resuelva porque tambi\u00e9n quiero mi dinero en el que\ncaso de que se pudiera regresar o que por lo menos este presunto gestor no siga\nhaciendo lo mismo con m\u00e1s gente, soy parte afectada igual que ellos\u201d. <\/p>\n\n\n\n<p>Explic\u00f3 que form\u00f3 parte de la organizaci\u00f3n, pero no\nencabez\u00f3 el otorgamiento de los apoyos ya que eso le correspondi\u00f3 a la persona\nque al final se fue con el dinero de las personas que confiaron en este gestor;\nsin embargo, dijo desconocer si ya existe una demanda por este caso, pero\ntambi\u00e9n espera que ya no existan m\u00e1s personas afectadas por este mismo\nindividuo.<\/p>\n\n\n\n<p>En torno a su participaci\u00f3n, la legisladora local asever\u00f3\nque pese a que este problema surgi\u00f3 hace aproximadamente tres a\u00f1os, no se han\nacercado a ella para tratar de resolver, cuando en su momento \u201cLuz Vera no era\nnada\u201d, sin embargo, retoman este asunto, ahora que tiene el cargo de\nlegisladora local.<\/p>\n\n\n\n<p>Convoc\u00f3 a este grupo de personas al di\u00e1logo para que\naborden el tema y lleguen a un acuerdo, pues dijo que las acusaciones\nformuladas en su contra, pudieron darse por enojo y molestia por el tiempo que\nha sucedido y que no han recibido respuesta para recuperar su dinero, pero\nafirm\u00f3 estar en la disposici\u00f3n para hablar sobre este tema. <\/p>\n","protected":false},"excerpt":{"rendered":"<p>Asegura que solo buscan polarizar el tema para afectar su imagen como diputada local. Respecto a las acusaciones de haber cometido fraude a un grupo de habitantes de Xochitecatitla, municipio de Nativitas, en el a\u00f1o 2016, la diputada local del Partido Encuentro Social (PES), Luz Vera D\u00edaz, revel\u00f3 que ella tambi\u00e9n fue timada por los [&hellip;]<\/p>\n","protected":false},"author":31,"featured_media":0,"comment_status":"open","ping_status":"open","sticky":false,"template":"","format":"standard","meta":{"om_disable_all_campaigns":false,"_monsterinsights_skip_tracking":false,"_monsterinsights_sitenote_active":false,"_monsterinsights_sitenote_note":"","_monsterinsights_sitenote_category":0,"jnews-multi-image_gallery":[],"jnews_single_post":[],"jnews_primary_category":[],"footnotes":""},"categories":[],"tags":[],"class_list":["post-45167","post","type-post","status-publish","format-standard","hentry"],"aioseo_notices":[],"_links":{"self":[{"href":"https:\/\/estado29.mx\/index.php?rest_route=\/wp\/v2\/posts\/45167","targetHints":{"allow":["GET"]}}],"collection":[{"href":"https:\/\/estado29.mx\/index.php?rest_route=\/wp\/v2\/posts"}],"about":[{"href":"https:\/\/estado29.mx\/index.php?rest_route=\/wp\/v2\/types\/post"}],"author":[{"embeddable":true,"href":"https:\/\/estado29.mx\/index.php?rest_route=\/wp\/v2\/users\/31"}],"replies":[{"embeddable":true,"href":"https:\/\/estado29.mx\/index.php?rest_route=%2Fwp%2Fv2%2Fcomments&post=45167"}],"version-history":[{"count":1,"href":"https:\/\/estado29.mx\/index.php?rest_route=\/wp\/v2\/posts\/45167\/revisions"}],"predecessor-version":[{"id":45170,"href":"https:\/\/estado29.mx\/index.php?rest_route=\/wp\/v2\/posts\/45167\/revisions\/45170"}],"wp:attachment":[{"href":"https:\/\/estado29.mx\/index.php?rest_route=%2Fwp%2Fv2%2Fmedia&parent=45167"}],"wp:term":[{"taxonomy":"category","embeddable":true,"href":"https:\/\/estado29.mx\/index.php?rest_route=%2Fwp%2Fv2%2Fcategories&post=45167"},{"taxonomy":"post_tag","embeddable":true,"href":"https:\/\/estado29.mx\/index.php?rest_route=%2Fwp%2Fv2%2Ftags&post=45167"}],"curies":[{"name":"wp","href":"https:\/\/api.w.org\/{rel}","templated":true}]}}