{"id":45171,"date":"2019-03-19T16:28:15","date_gmt":"2019-03-19T22:28:15","guid":{"rendered":"http:\/\/estado29.mx\/?p=45171"},"modified":"2019-03-19T16:26:43","modified_gmt":"2019-03-19T22:26:43","slug":"exigen-habitantes-de-acuitlapilco-se-concrete-el-proyecto-del-avion-de-la-fuerza-aerea-mexicana","status":"publish","type":"post","link":"https:\/\/estado29.mx\/?p=45171","title":{"rendered":"Exigen habitantes de Acuitlapilco se concrete el proyecto del avi\u00f3n de la Fuerza A\u00e9rea Mexicana"},"content":{"rendered":"\n<p><em>Dijeron que est\u00e1n dispuestos a donar otro terreno para la\ninstalaci\u00f3n de ese avi\u00f3n, que servir\u00e1 como un detonante tur\u00edstico en la regi\u00f3n<\/em><\/p>\n\n\n\n<p>Los habitantes de\nAcuitlapilco, exigen a la presidenta de Tlaxcala, Anabel \u00c1valos Zempoalteca que\nse concrete el proyecto&nbsp; del espacio\nInteractivo y Cultural que se ten\u00eda previsto para esta comunidad, &nbsp;a trav\u00e9s de la donaci\u00f3n del avi\u00f3n Boeing\n727-100 con matr\u00edcula 3504 de la Fuerza A\u00e9rea Mexicana (FAM).&nbsp; <\/p>\n\n\n\n<p>Ante el anuncio de\nque esto ya no se llevar\u00eda a cabo, vecinos de los barrios de esta localidad, se\ndieron cita en la presidencia municipal para pedir un informe, ya que esto se\nhar\u00eda en un espacio cerca de la laguna de Acuitlapilco, que estaba enfocado a\nla atenci\u00f3n de ni\u00f1os y j\u00f3venes y la prevenci\u00f3n del delito.<\/p>\n\n\n\n<p>Lo anterior, tras explicarles,\nen una primera audiencia,&nbsp; que las\ninmediaciones de la Laguna de Acuitlapilco no contaba con las caracter\u00edsticas y\nrequerimientos necesarios para que se instalara el avi\u00f3n de la FAM; lo cual no\nse ha demostrado por medio de un dictamen t\u00e9cnico.<\/p>\n\n\n\n<p>\u201cEstamos hoy aqu\u00ed\nporque la presidenta prometi\u00f3 que entre jueves y viernes mandar\u00eda a los\nt\u00e9cnicos para tener un dictamen del terreno y que nos dieran una respuesta\u201d. <\/p>\n\n\n\n<p>Asimismo, dijeron que\nest\u00e1n dispuestos a donar otro terreno para la instalaci\u00f3n de ese avi\u00f3n, que\nservir\u00e1 como un detonante tur\u00edstico en la regi\u00f3n.<\/p>\n\n\n\n<p>&nbsp;\u201cLa ubicaci\u00f3n geogr\u00e1fica de Acuitlapilco no la\ntiene ninguna otra comunidad, tenemos el mayor fluyo de transporte p\u00fablico y la\ncarretera federal que conecta con Puebla\u201d. <\/p>\n\n\n\n<p>Dijeron estar\ndispuestos a defender este proyecto, por lo que propusieron a la presidencia municipal\nde Tlaxcala, que el avi\u00f3n fuera instalado en el parque denominado Salazar\nMonrroy o en otros predios disponibles, porque esta comunidad requiere de este\ntipo de impulso. <\/p>\n","protected":false},"excerpt":{"rendered":"<p>Dijeron que est\u00e1n dispuestos a donar otro terreno para la instalaci\u00f3n de ese avi\u00f3n, que servir\u00e1 como un detonante tur\u00edstico en la regi\u00f3n Los habitantes de Acuitlapilco, exigen a la presidenta de Tlaxcala, Anabel \u00c1valos Zempoalteca que se concrete el proyecto&nbsp; del espacio Interactivo y Cultural que se ten\u00eda previsto para esta comunidad, &nbsp;a trav\u00e9s [&hellip;]<\/p>\n","protected":false},"author":28,"featured_media":0,"comment_status":"open","ping_status":"open","sticky":false,"template":"","format":"standard","meta":{"om_disable_all_campaigns":false,"_monsterinsights_skip_tracking":false,"_monsterinsights_sitenote_active":false,"_monsterinsights_sitenote_note":"","_monsterinsights_sitenote_category":0,"jnews-multi-image_gallery":[],"jnews_single_post":[],"jnews_primary_category":[],"footnotes":""},"categories":[],"tags":[],"class_list":["post-45171","post","type-post","status-publish","format-standard","hentry"],"aioseo_notices":[],"_links":{"self":[{"href":"https:\/\/estado29.mx\/index.php?rest_route=\/wp\/v2\/posts\/45171","targetHints":{"allow":["GET"]}}],"collection":[{"href":"https:\/\/estado29.mx\/index.php?rest_route=\/wp\/v2\/posts"}],"about":[{"href":"https:\/\/estado29.mx\/index.php?rest_route=\/wp\/v2\/types\/post"}],"author":[{"embeddable":true,"href":"https:\/\/estado29.mx\/index.php?rest_route=\/wp\/v2\/users\/28"}],"replies":[{"embeddable":true,"href":"https:\/\/estado29.mx\/index.php?rest_route=%2Fwp%2Fv2%2Fcomments&post=45171"}],"version-history":[{"count":1,"href":"https:\/\/estado29.mx\/index.php?rest_route=\/wp\/v2\/posts\/45171\/revisions"}],"predecessor-version":[{"id":45174,"href":"https:\/\/estado29.mx\/index.php?rest_route=\/wp\/v2\/posts\/45171\/revisions\/45174"}],"wp:attachment":[{"href":"https:\/\/estado29.mx\/index.php?rest_route=%2Fwp%2Fv2%2Fmedia&parent=45171"}],"wp:term":[{"taxonomy":"category","embeddable":true,"href":"https:\/\/estado29.mx\/index.php?rest_route=%2Fwp%2Fv2%2Fcategories&post=45171"},{"taxonomy":"post_tag","embeddable":true,"href":"https:\/\/estado29.mx\/index.php?rest_route=%2Fwp%2Fv2%2Ftags&post=45171"}],"curies":[{"name":"wp","href":"https:\/\/api.w.org\/{rel}","templated":true}]}}