{"id":45180,"date":"2019-03-19T17:27:23","date_gmt":"2019-03-19T23:27:23","guid":{"rendered":"http:\/\/estado29.mx\/?p=45180"},"modified":"2019-03-19T17:24:40","modified_gmt":"2019-03-19T23:24:40","slug":"cedh-inicia-parlamento-infantil-en-su-primera-etapa","status":"publish","type":"post","link":"https:\/\/estado29.mx\/?p=45180","title":{"rendered":"CEDH inicia parlamento infantil en su primera etapa"},"content":{"rendered":"\n<p>La Comisi\u00f3n Estatal de Derechos Humanos dio\ninicio con&nbsp; las actividades del \u201cD\u00e9cimo\nPrimer Parlamento Infantil Tlaxcala 2019\u201d en su primera etapa, en la que\nseleccionaran 5 ni\u00f1as o ni\u00f1os de los 15 distritos electorales locales.<\/p>\n\n\n\n<p>Luego de un acto protocolario en el que se dio\nparte a la inauguraci\u00f3n, &nbsp;el Presidente\ndel Organismo&nbsp; Aut\u00f3nomo, V\u00edctor Manuel\nCid del Prado Pineda, dio un breve mensaje, en el que agradeci\u00f3 al Congreso del\nEstado y a las Instituciones involucradas por la preocupaci\u00f3n&nbsp; que han demostrado por que&nbsp; la ni\u00f1ez tlaxcalteca&nbsp; tenga una representaci\u00f3n en este \u201cParlamento\nInfantil\u201d.<\/p>\n\n\n\n<p>Refiri\u00f3 que es un espacio donde las ni\u00f1as y ni\u00f1os\n&nbsp;podr\u00e1n expresarse libremente con\ntemas&nbsp; que promueven los derechos de los\ninfantes, adem\u00e1s que ellos tendr\u00e1n que calificarse y seleccionar a los mejores\noradores de los 154 que participaran en este Parlamento.<\/p>\n\n\n\n<p>Se\u00f1al\u00f3 que es una semana&nbsp; de actividades en la que personal&nbsp; adscrito&nbsp;\na la Comisi\u00f3n Estatal solo permanecer\u00e1 vigilante, para que los ni\u00f1os\nparticipantes tengan el escenario adecuado para poder expresarse con libertad.<\/p>\n\n\n\n<p>Cabe destacar que estuvieron presentes las\nDiputadas del Congreso del Estado, &nbsp;Ana\nBertha Mastranzo Corona ,Luz Vera D\u00edaz y Mar\u00eda de&nbsp; Lourdes Montiel Cer\u00f3n, adem\u00e1s de Carlos\nRasc\u00f3n Payan, Director de Educaci\u00f3n B\u00e1sica, Josefina Espinoza Cuellar, Delegada\nEstatal del Consejo Nacional de Fomento Educativo (CONAFE), Elizabeth Piedras\nMart\u00ednez, Consejera Presidente Del Instituto Tlaxcalteca de Elecciones (ITE),\nLinda Patricia L\u00f3pez Aldave,&nbsp; Directora\ndel Consejo Estatal de Poblaci\u00f3n (COESPO) y Secretaria Ejecutiva del SIPINNA,\nen representaci\u00f3n del DIF acudi\u00f3 Maricela V\u00e1zquez P\u00e9rez, Jefa del Departamento\nEspecializado contra la Violencia Familiar.<\/p>\n","protected":false},"excerpt":{"rendered":"<p>La Comisi\u00f3n Estatal de Derechos Humanos dio inicio con&nbsp; las actividades del \u201cD\u00e9cimo Primer Parlamento Infantil Tlaxcala 2019\u201d en su primera etapa, en la que seleccionaran 5 ni\u00f1as o ni\u00f1os de los 15 distritos electorales locales. Luego de un acto protocolario en el que se dio parte a la inauguraci\u00f3n, &nbsp;el Presidente del Organismo&nbsp; Aut\u00f3nomo, [&hellip;]<\/p>\n","protected":false},"author":28,"featured_media":0,"comment_status":"open","ping_status":"open","sticky":false,"template":"","format":"standard","meta":{"om_disable_all_campaigns":false,"_monsterinsights_skip_tracking":false,"_monsterinsights_sitenote_active":false,"_monsterinsights_sitenote_note":"","_monsterinsights_sitenote_category":0,"jnews-multi-image_gallery":[],"jnews_single_post":[],"jnews_primary_category":[],"footnotes":""},"categories":[],"tags":[],"class_list":["post-45180","post","type-post","status-publish","format-standard","hentry"],"aioseo_notices":[],"_links":{"self":[{"href":"https:\/\/estado29.mx\/index.php?rest_route=\/wp\/v2\/posts\/45180","targetHints":{"allow":["GET"]}}],"collection":[{"href":"https:\/\/estado29.mx\/index.php?rest_route=\/wp\/v2\/posts"}],"about":[{"href":"https:\/\/estado29.mx\/index.php?rest_route=\/wp\/v2\/types\/post"}],"author":[{"embeddable":true,"href":"https:\/\/estado29.mx\/index.php?rest_route=\/wp\/v2\/users\/28"}],"replies":[{"embeddable":true,"href":"https:\/\/estado29.mx\/index.php?rest_route=%2Fwp%2Fv2%2Fcomments&post=45180"}],"version-history":[{"count":1,"href":"https:\/\/estado29.mx\/index.php?rest_route=\/wp\/v2\/posts\/45180\/revisions"}],"predecessor-version":[{"id":45183,"href":"https:\/\/estado29.mx\/index.php?rest_route=\/wp\/v2\/posts\/45180\/revisions\/45183"}],"wp:attachment":[{"href":"https:\/\/estado29.mx\/index.php?rest_route=%2Fwp%2Fv2%2Fmedia&parent=45180"}],"wp:term":[{"taxonomy":"category","embeddable":true,"href":"https:\/\/estado29.mx\/index.php?rest_route=%2Fwp%2Fv2%2Fcategories&post=45180"},{"taxonomy":"post_tag","embeddable":true,"href":"https:\/\/estado29.mx\/index.php?rest_route=%2Fwp%2Fv2%2Ftags&post=45180"}],"curies":[{"name":"wp","href":"https:\/\/api.w.org\/{rel}","templated":true}]}}