{"id":45220,"date":"2019-03-20T07:50:19","date_gmt":"2019-03-20T13:50:19","guid":{"rendered":"http:\/\/estado29.mx\/?p=45220"},"modified":"2019-03-20T07:50:37","modified_gmt":"2019-03-20T13:50:37","slug":"evalua-sepe-avances-de-las-ocho-estrategias-para-elevar-la-calidad-del-aprendizaje","status":"publish","type":"post","link":"https:\/\/estado29.mx\/?p=45220","title":{"rendered":"Eval\u00faa SEPE avances de las ocho estrategias para elevar la calidad del aprendizaje."},"content":{"rendered":"\n<p><strong>E<\/strong><em>\u2022 Encabeza el Secretario de Educaci\u00f3n reuni\u00f3n con directivos de los diferentes niveles.<\/em><\/p>\n\n\n\n<p>A fin de evaluar los avances de las ocho Estrategias para Elevar la Calidad de los Aprendizajes que fueron puestas en marcha a inicios de este a\u00f1o, el Secretario de Educaci\u00f3n, Manuel Camacho Higareda, sostuvo este martes una reuni\u00f3n de trabajo con los directivos de las diferentes \u00e1reas, tanto estatales como federales.<\/p>\n\n\n\n<p>En el encuentro, el funcionario estatal revis\u00f3 el trabajo de las direcciones de Educaci\u00f3n B\u00e1sica de la Unidad de Servicios Educativos de Tlaxcala (USET) y de la Secretar\u00eda de Educaci\u00f3n P\u00fablica del Estado (SEPE) para atender los puntos relacionados con \u201cUna ruta de mejora m\u00e1s eficiente en las escuelas\u201d y de la \u201cAgenda \u00fanica de trabajo para aplicar programas estatales y federales\u201d.<\/p>\n\n\n\n<p>Tambi\u00e9n, verific\u00f3 la aplicaci\u00f3n de las estrategias para \u201cEl mejor aprovechamiento de los tiempos en los Consejos Escolares\u201d y la \u201cAcci\u00f3n global de capacitaci\u00f3n para la estrategia de aprendizaje\u201d.<\/p>\n\n\n\n<p>En estos cuatro puntos, se inform\u00f3 que a la fecha se han realizado cuatro cursos de capacitaci\u00f3n, a trav\u00e9s de una agenda coordinada entre SEPE-USET, que son: Lenguaje de Se\u00f1as y Braille, dirigido a 160 docentes de Educaci\u00f3n Especial y el curso de Estrategias de ense\u00f1anza y aprendizaje, el cual involucr\u00f3 al 100 por ciento de los docentes de Escuelas de Tiempo Completo.<\/p>\n\n\n\n<p>Otra de las capacitaciones que est\u00e1 en marcha es el \u201cDiplomado de Estrategias para mejorar el logro educativo\u201d, en favor de 900 maestros de educaci\u00f3n primaria y secundaria, as\u00ed como el curso \u201cUna gesti\u00f3n Directiva para mejorar el aprendizaje de los alumnos\u201d, enfocado a directores de Educaci\u00f3n B\u00e1sica.&nbsp;<\/p>\n\n\n\n<p>Adem\u00e1s, en el pasado Consejo T\u00e9cnico Escolar (CTE) por primera ocasi\u00f3n, directores, jefes de departamento y asistentes t\u00e9cnicos pedag\u00f3gicos apoyaron la celebraci\u00f3n de estas reuniones.<\/p>\n\n\n\n<p>Durante esta reuni\u00f3n, la Direcci\u00f3n de Evaluaci\u00f3n report\u00f3 que ya est\u00e1 en pilotaje una Plataforma de Apoyo Tecnol\u00f3gico para aminorar la carga administrativa de los docentes.<\/p>\n\n\n\n<p>Por otro lado, la Direcci\u00f3n de Educaci\u00f3n F\u00edsica inform\u00f3 que la estrategia de Activaci\u00f3n F\u00edsica ya opera en el 50 por ciento de escuelas federales y en las siguientes semanas se aplicar\u00e1, paulatinamente en el resto de las instituciones, a fin de que la totalidad trabaje con este esquema que pretende apoyar en el logro de mejores resultados acad\u00e9micos entre el estudiantado.<\/p>\n\n\n\n<p>A lo largo de esta reuni\u00f3n estuvieron presentes los directores de Educaci\u00f3n B\u00e1sica estatal y federal, Carlos Rasc\u00f3n Pay\u00e1n y Reyna Maldonado Hern\u00e1ndez, respectivamente.<\/p>\n\n\n\n<p>Tambi\u00e9n, los directores de Educaci\u00f3n Primaria, Rodolfo Su\u00e1rez P\u00e9rez; de Evaluaci\u00f3n Educativa, Margarita Rojas Maldonado; de Planeaci\u00f3n Educativa, Mar\u00eda Elena Tapia Lima, y de Educaci\u00f3n F\u00edsica, Jenaro Ch\u00f3colatl Dur\u00e1n.<\/p>\n\n\n\n<p>Adem\u00e1s, participaron las titulares de las Direcciones de Relaciones Laborales y del \u00c1rea Administrativa, Claudia Xochihua Rodr\u00edguez y Alicia Zamora Dom\u00ednguez.<\/p>\n","protected":false},"excerpt":{"rendered":"<p>E\u2022 Encabeza el Secretario de Educaci\u00f3n reuni\u00f3n con directivos de los diferentes niveles. A fin de evaluar los avances de las ocho Estrategias para Elevar la Calidad de los Aprendizajes que fueron puestas en marcha a inicios de este a\u00f1o, el Secretario de Educaci\u00f3n, Manuel Camacho Higareda, sostuvo este martes una reuni\u00f3n de trabajo con [&hellip;]<\/p>\n","protected":false},"author":12,"featured_media":0,"comment_status":"open","ping_status":"open","sticky":false,"template":"","format":"standard","meta":{"om_disable_all_campaigns":false,"_monsterinsights_skip_tracking":false,"_monsterinsights_sitenote_active":false,"_monsterinsights_sitenote_note":"","_monsterinsights_sitenote_category":0,"jnews-multi-image_gallery":[],"jnews_single_post":[],"jnews_primary_category":[],"footnotes":""},"categories":[],"tags":[],"class_list":["post-45220","post","type-post","status-publish","format-standard","hentry"],"aioseo_notices":[],"_links":{"self":[{"href":"https:\/\/estado29.mx\/index.php?rest_route=\/wp\/v2\/posts\/45220","targetHints":{"allow":["GET"]}}],"collection":[{"href":"https:\/\/estado29.mx\/index.php?rest_route=\/wp\/v2\/posts"}],"about":[{"href":"https:\/\/estado29.mx\/index.php?rest_route=\/wp\/v2\/types\/post"}],"author":[{"embeddable":true,"href":"https:\/\/estado29.mx\/index.php?rest_route=\/wp\/v2\/users\/12"}],"replies":[{"embeddable":true,"href":"https:\/\/estado29.mx\/index.php?rest_route=%2Fwp%2Fv2%2Fcomments&post=45220"}],"version-history":[{"count":1,"href":"https:\/\/estado29.mx\/index.php?rest_route=\/wp\/v2\/posts\/45220\/revisions"}],"predecessor-version":[{"id":45223,"href":"https:\/\/estado29.mx\/index.php?rest_route=\/wp\/v2\/posts\/45220\/revisions\/45223"}],"wp:attachment":[{"href":"https:\/\/estado29.mx\/index.php?rest_route=%2Fwp%2Fv2%2Fmedia&parent=45220"}],"wp:term":[{"taxonomy":"category","embeddable":true,"href":"https:\/\/estado29.mx\/index.php?rest_route=%2Fwp%2Fv2%2Fcategories&post=45220"},{"taxonomy":"post_tag","embeddable":true,"href":"https:\/\/estado29.mx\/index.php?rest_route=%2Fwp%2Fv2%2Ftags&post=45220"}],"curies":[{"name":"wp","href":"https:\/\/api.w.org\/{rel}","templated":true}]}}