{"id":46384,"date":"2019-04-10T16:52:33","date_gmt":"2019-04-10T21:52:33","guid":{"rendered":"http:\/\/estado29.mx\/?p=46384"},"modified":"2019-04-10T16:53:25","modified_gmt":"2019-04-10T21:53:25","slug":"buscan-vecinos-de-ixtenco-bronca-en-sede-alterna-del-ayuntamiento","status":"publish","type":"post","link":"https:\/\/estado29.mx\/?p=46384","title":{"rendered":"Buscan vecinos de Ixtenco bronca en sede alterna del Ayuntamiento"},"content":{"rendered":"\n<p>Un grupo no superior a las 10 personas, protagonizaron\nesta ma\u00f1ana una protesta violenta en la sede alterna del Ayuntamiento de\nIxtenco donde se llev\u00f3 a cabo la reuni\u00f3n ordinaria de la&nbsp; Coordinaci\u00f3n Territorial para la Construcci\u00f3n\nde la Paz.<\/p>\n\n\n\n<p>Dicha reuni\u00f3n se llev\u00f3 a cabo en el municipio de Ixtenco\na petici\u00f3n del alcalde, Miguel \u00c1ngel Caballero Yonca, a la que acudieron 30\npersonas de corporaciones policiacas de la regi\u00f3n, correspondientes a 20\nmunicipios, polic\u00eda federal y de la Secretar\u00eda de la Defensa Nacional (Sedena).<\/p>\n\n\n\n<p>Los vecinos de Ixtenco se alarmaron al ver estacionadas\nen la periferia patrullas de diferentes municipios aleda\u00f1os, y de inmediato\nrelacionaron esa escena con lo ocurrido el 14 de marzo del a\u00f1o 2018 cuando el\nalcalde, Miguel \u00c1ngel Caballero Yonca, con ayuda de otros municipios, incluso\npoblanos, intent\u00f3 recuperar el Palacio Municipal.<\/p>\n\n\n\n<p>Entonces, de inmediato se congregaron e irrumpieron en la\nsede alterna del Ayuntamiento, donde minutos antes se ofreci\u00f3 una comida a las\npersonas que hab\u00edan participado en la reuni\u00f3n de seguridad, para tratar, entre\notros&nbsp; temas&nbsp; la estrategia a seguir despu\u00e9s de lo ocurrido\nen Tequexquitla con el asesinato del director de seguridad, para reforzar la\nregi\u00f3n.<\/p>\n\n\n\n<p>Los lugare\u00f1os increparon al alcalde y comenzaron a\nmostrarse violentos con la autoridad por lo que los polic\u00edas municipales\nsacaron de la sede alterna del Ayuntamiento al presidente municipal, Miguel\n\u00c1ngel Caballero, para evitar que los \u00e1nimos subieran de tono. <\/p>\n\n\n\n<p>Al respecto, el delegado regional de programas de\ndesarrollo integral zona 01 Apizaco, Baldemar Cort\u00e9s Meneses confirm\u00f3 que en\nefecto la reuni\u00f3n se llev\u00f3 en Ixtenco, sin embargo fue solo un grupo de\naproximadamente ocho personas, en su mayor\u00eda mujeres, quienes con actitud\nprovocativa encararon al alcalde, sin embargo no fue necesario que los\nelementos respondieran a la actitud de las personas, por lo que momentos\ndespu\u00e9s de comer se retiraron del lugar.<\/p>\n\n\n\n<p>Empero, algunos colaboradores declararon que las personas\naventaron comida, mojaron a los trabajadores y trabajadoras con las jarras de\nagua, y aventaron a la cara de la recepcionista un recipiente con salsa por lo\nque tuvo que ser auxiliada por sus compa\u00f1eros, fue entonces que hubo empujones\ny jaloneos que no pasaron a mayores.<\/p>\n","protected":false},"excerpt":{"rendered":"<p>Un grupo no superior a las 10 personas, protagonizaron esta ma\u00f1ana una protesta violenta en la sede alterna del Ayuntamiento de Ixtenco donde se llev\u00f3 a cabo la reuni\u00f3n ordinaria de la&nbsp; Coordinaci\u00f3n Territorial para la Construcci\u00f3n de la Paz. Dicha reuni\u00f3n se llev\u00f3 a cabo en el municipio de Ixtenco a petici\u00f3n del alcalde, [&hellip;]<\/p>\n","protected":false},"author":31,"featured_media":0,"comment_status":"open","ping_status":"open","sticky":false,"template":"","format":"standard","meta":{"om_disable_all_campaigns":false,"_monsterinsights_skip_tracking":false,"_monsterinsights_sitenote_active":false,"_monsterinsights_sitenote_note":"","_monsterinsights_sitenote_category":0,"jnews-multi-image_gallery":[],"jnews_single_post":[],"jnews_primary_category":[],"footnotes":""},"categories":[],"tags":[],"class_list":["post-46384","post","type-post","status-publish","format-standard","hentry"],"aioseo_notices":[],"_links":{"self":[{"href":"https:\/\/estado29.mx\/index.php?rest_route=\/wp\/v2\/posts\/46384","targetHints":{"allow":["GET"]}}],"collection":[{"href":"https:\/\/estado29.mx\/index.php?rest_route=\/wp\/v2\/posts"}],"about":[{"href":"https:\/\/estado29.mx\/index.php?rest_route=\/wp\/v2\/types\/post"}],"author":[{"embeddable":true,"href":"https:\/\/estado29.mx\/index.php?rest_route=\/wp\/v2\/users\/31"}],"replies":[{"embeddable":true,"href":"https:\/\/estado29.mx\/index.php?rest_route=%2Fwp%2Fv2%2Fcomments&post=46384"}],"version-history":[{"count":1,"href":"https:\/\/estado29.mx\/index.php?rest_route=\/wp\/v2\/posts\/46384\/revisions"}],"predecessor-version":[{"id":46387,"href":"https:\/\/estado29.mx\/index.php?rest_route=\/wp\/v2\/posts\/46384\/revisions\/46387"}],"wp:attachment":[{"href":"https:\/\/estado29.mx\/index.php?rest_route=%2Fwp%2Fv2%2Fmedia&parent=46384"}],"wp:term":[{"taxonomy":"category","embeddable":true,"href":"https:\/\/estado29.mx\/index.php?rest_route=%2Fwp%2Fv2%2Fcategories&post=46384"},{"taxonomy":"post_tag","embeddable":true,"href":"https:\/\/estado29.mx\/index.php?rest_route=%2Fwp%2Fv2%2Ftags&post=46384"}],"curies":[{"name":"wp","href":"https:\/\/api.w.org\/{rel}","templated":true}]}}