{"id":46610,"date":"2019-04-16T22:38:17","date_gmt":"2019-04-17T03:38:17","guid":{"rendered":"http:\/\/estado29.mx\/?p=46610"},"modified":"2019-04-16T22:38:53","modified_gmt":"2019-04-17T03:38:53","slug":"desde-hace-cuatro-dias-atah-aumento-tarifa-de-transporte-publico","status":"publish","type":"post","link":"https:\/\/estado29.mx\/?p=46610","title":{"rendered":"Desde hace cuatro d\u00edas ATAH aument\u00f3 tarifa de transporte p\u00fablico"},"content":{"rendered":"\n<p>A partir del 12 de abril, la empresa Autotransportes\nTlaxcala, Apizaco, Huamantla S.A. de C.V., aplic\u00f3 aumentos a sus tarifas en las\nrutas for\u00e1neas y ordinarias que van desde dos pesos en recorridos locales\n(Tlaxcala-Apizaco-Huamantla), hasta 17 pesos en las for\u00e1neas\n(M\u00e9xico-Orizaba-Puebla), seg\u00fan la empresa fue para hacer frente al alza en los\nprecios del combustible, refacciones y peajes.<\/p>\n\n\n\n<p>Mediante un comunicado publicado en la central de\nautobuses de Apizaco, la empresa de autotransporte federal, comunic\u00f3 a sus\nusuarios respecto a los aumentos en sus tarifas que a la letra dice: \u201cEstimado\nusuario le comunicamos que debido al incremento en el precio de refacciones, el\nalza en el cobro de peaje y combustible, nos vemos en la necesidad de realizar\nun peque\u00f1o ajuste a nuestras tarifas\u201d.<\/p>\n\n\n\n<p>Dicha disposici\u00f3n entr\u00f3 en vigor a partir del d\u00eda 12 de\nabril, y gener\u00f3 descontento entre los usuarios ya que ese \u201cpeque\u00f1o ajuste\u201d es\nde dos y hasta 17 pesos por viaje.<\/p>\n\n\n\n<p>La tarifa de la l\u00ednea \u201cEjecutivo\u201d, de Apizaco a la Ciudad\nde M\u00e9xico, pas\u00f3 de los 166 a 183 pesos; mientras que la l\u00ednea \u201cSupra\u201d, el costo\ndel pasaje pas\u00f3 de los 188 a los 205 pesos, en ambos casos significa un aumento\nde 17 pesos, lo que tom\u00f3 por sorpresa a los usuarios quienes adem\u00e1s se quejaron\ndel servicio, de la calidad de las unidades y el profesionalismo de los\noperadores.<\/p>\n\n\n\n<p>Caso similar sucedi\u00f3 con el transporte ordinario el cual\nsubi\u00f3 en promedio dos pesos, como fue el caso de la tarifa del transporte de\nautob\u00fas y camionetas que tiene como destino las ciudades de Tlaxcala, Apizaco y\nHuamantla el cual pas\u00f3 de 20 a 22 pesos.<\/p>\n\n\n\n<p>En este caso, el Reglamento de Autotransporte Federal y\nServicios Auxiliares, en su art\u00edculo 61, establece que \u201cla operaci\u00f3n de los\nservicios de autotransporte federal de pasajeros, los autotransportistas podr\u00e1n\ndeterminar las tarifas y sus modificaciones, sin que se requiera aprobaci\u00f3n de\nla Secretar\u00eda de Comunicaciones y Transportes (SCT), debiendo registrarlas ante\n\u00e9sta, con un m\u00ednimo de siete d\u00edas de anticipaci\u00f3n a su aplicaci\u00f3n\u201d, es decir\nque \u00e9stas las podr\u00e1n definir bajo el esquema de la oferta y la demanda.<\/p>\n","protected":false},"excerpt":{"rendered":"<p>A partir del 12 de abril, la empresa Autotransportes Tlaxcala, Apizaco, Huamantla S.A. de C.V., aplic\u00f3 aumentos a sus tarifas en las rutas for\u00e1neas y ordinarias que van desde dos pesos en recorridos locales (Tlaxcala-Apizaco-Huamantla), hasta 17 pesos en las for\u00e1neas (M\u00e9xico-Orizaba-Puebla), seg\u00fan la empresa fue para hacer frente al alza en los precios del [&hellip;]<\/p>\n","protected":false},"author":31,"featured_media":0,"comment_status":"open","ping_status":"open","sticky":false,"template":"","format":"standard","meta":{"om_disable_all_campaigns":false,"_monsterinsights_skip_tracking":false,"_monsterinsights_sitenote_active":false,"_monsterinsights_sitenote_note":"","_monsterinsights_sitenote_category":0,"jnews-multi-image_gallery":[],"jnews_single_post":[],"jnews_primary_category":[],"footnotes":""},"categories":[],"tags":[],"class_list":["post-46610","post","type-post","status-publish","format-standard","hentry"],"aioseo_notices":[],"_links":{"self":[{"href":"https:\/\/estado29.mx\/index.php?rest_route=\/wp\/v2\/posts\/46610","targetHints":{"allow":["GET"]}}],"collection":[{"href":"https:\/\/estado29.mx\/index.php?rest_route=\/wp\/v2\/posts"}],"about":[{"href":"https:\/\/estado29.mx\/index.php?rest_route=\/wp\/v2\/types\/post"}],"author":[{"embeddable":true,"href":"https:\/\/estado29.mx\/index.php?rest_route=\/wp\/v2\/users\/31"}],"replies":[{"embeddable":true,"href":"https:\/\/estado29.mx\/index.php?rest_route=%2Fwp%2Fv2%2Fcomments&post=46610"}],"version-history":[{"count":1,"href":"https:\/\/estado29.mx\/index.php?rest_route=\/wp\/v2\/posts\/46610\/revisions"}],"predecessor-version":[{"id":46614,"href":"https:\/\/estado29.mx\/index.php?rest_route=\/wp\/v2\/posts\/46610\/revisions\/46614"}],"wp:attachment":[{"href":"https:\/\/estado29.mx\/index.php?rest_route=%2Fwp%2Fv2%2Fmedia&parent=46610"}],"wp:term":[{"taxonomy":"category","embeddable":true,"href":"https:\/\/estado29.mx\/index.php?rest_route=%2Fwp%2Fv2%2Fcategories&post=46610"},{"taxonomy":"post_tag","embeddable":true,"href":"https:\/\/estado29.mx\/index.php?rest_route=%2Fwp%2Fv2%2Ftags&post=46610"}],"curies":[{"name":"wp","href":"https:\/\/api.w.org\/{rel}","templated":true}]}}