{"id":46619,"date":"2019-04-17T07:20:59","date_gmt":"2019-04-17T12:20:59","guid":{"rendered":"http:\/\/estado29.mx\/?p=46619"},"modified":"2019-04-17T07:21:27","modified_gmt":"2019-04-17T12:21:27","slug":"fortalecen-pgje-y-sesa-ciencias-medicas-forenses","status":"publish","type":"post","link":"https:\/\/estado29.mx\/?p=46619","title":{"rendered":"Fortalecen PGJE y SESA ciencias m\u00e9dicas forenses"},"content":{"rendered":"\n<p><strong>F<\/strong><em> Ambas instituciones trabajar\u00e1n de manera coordinada para establecer mecanismos y acciones que beneficien a la poblaci\u00f3n.<\/em><\/p>\n\n\n\n<p>La Procuradur\u00eda General de Justicia del Estado (PGJE) y la Secretar\u00eda de Salud (SESA) signaron el convenio de colaboraci\u00f3n para el \u201cFortalecimiento de las ciencias m\u00e9dicas forenses\u201d, con la finalidad de establecer mecanismos y acciones que beneficien la atenci\u00f3n de pacientes involucrados en asuntos m\u00e9dicos legales.<\/p>\n\n\n\n<p>Jos\u00e9 Antonio Aquiahuatl S\u00e1nchez, titular de la PGJE, enfatiz\u00f3 que el documento permitir\u00e1 coordinar las actividades que de manera diaria ambas dependencias realizan, al tiempo de destacar que en materia m\u00e9dico legal la Procuradur\u00eda y la SESA trabajan en conjunto para lograr casos de \u00e9xito a trav\u00e9s de una atenci\u00f3n eficiente.<\/p>\n\n\n\n<p>Aquiahuatl S\u00e1nchez se\u00f1al\u00f3 que ambas dependencias suman esfuerzos para sensibilizar a la poblaci\u00f3n en torno a la donaci\u00f3n de \u00f3rganos, y por medio de una operatividad eficiente lograr que ministerios p\u00fablicos, m\u00e9dicos legistas, peritos y polic\u00edas adscritos a la PGJE comprendan la importancia de esta acci\u00f3n altruista.<\/p>\n\n\n\n<p>El funcionario estatal explic\u00f3 que el convenio reforzar\u00e1 los conocimientos de los m\u00e9dicos legistas que trabajan en la Procuradur\u00eda, ya que en el marco jur\u00eddico los procedimientos legales ante el Sistema Penal Acusatorio exigen una especialidad.<\/p>\n\n\n\n<p>En su oportunidad, Alberto Jonguitud Falc\u00f3n, titular de la SESA, mencion\u00f3 que con la firma de convenios las instituciones mejoran sus procesos para responder a las necesidades de la ciudadan\u00eda.<\/p>\n\n\n\n<p>Jonguitud Falc\u00f3n detall\u00f3 que la coordinaci\u00f3n permite que los tlaxcaltecas tengan una percepci\u00f3n de seguridad, confianza y transparencia en los servicios y actividades que realizan las dependencias estatales.<\/p>\n\n\n\n<p>A la firma del convenio asistieron Nahu Ju\u00e1rez Mesa, titular del Departamento de Servicios Periciales; Roberto Texis Texis, encargado de la Subprocuradur\u00eda de Operaciones de la PGJE; Rene Lima Morales, Director de Atenci\u00f3n Especializado y Jorge Francisco Lara, Jefe del Departamento de Asuntos Jur\u00eddicos de la Secretar\u00eda de Salud.<\/p>\n","protected":false},"excerpt":{"rendered":"<p>F Ambas instituciones trabajar\u00e1n de manera coordinada para establecer mecanismos y acciones que beneficien a la poblaci\u00f3n. La Procuradur\u00eda General de Justicia del Estado (PGJE) y la Secretar\u00eda de Salud (SESA) signaron el convenio de colaboraci\u00f3n para el \u201cFortalecimiento de las ciencias m\u00e9dicas forenses\u201d, con la finalidad de establecer mecanismos y acciones que beneficien la [&hellip;]<\/p>\n","protected":false},"author":12,"featured_media":0,"comment_status":"open","ping_status":"open","sticky":false,"template":"","format":"standard","meta":{"om_disable_all_campaigns":false,"_monsterinsights_skip_tracking":false,"_monsterinsights_sitenote_active":false,"_monsterinsights_sitenote_note":"","_monsterinsights_sitenote_category":0,"jnews-multi-image_gallery":[],"jnews_single_post":[],"jnews_primary_category":[],"footnotes":""},"categories":[],"tags":[],"class_list":["post-46619","post","type-post","status-publish","format-standard","hentry"],"aioseo_notices":[],"_links":{"self":[{"href":"https:\/\/estado29.mx\/index.php?rest_route=\/wp\/v2\/posts\/46619","targetHints":{"allow":["GET"]}}],"collection":[{"href":"https:\/\/estado29.mx\/index.php?rest_route=\/wp\/v2\/posts"}],"about":[{"href":"https:\/\/estado29.mx\/index.php?rest_route=\/wp\/v2\/types\/post"}],"author":[{"embeddable":true,"href":"https:\/\/estado29.mx\/index.php?rest_route=\/wp\/v2\/users\/12"}],"replies":[{"embeddable":true,"href":"https:\/\/estado29.mx\/index.php?rest_route=%2Fwp%2Fv2%2Fcomments&post=46619"}],"version-history":[{"count":1,"href":"https:\/\/estado29.mx\/index.php?rest_route=\/wp\/v2\/posts\/46619\/revisions"}],"predecessor-version":[{"id":46622,"href":"https:\/\/estado29.mx\/index.php?rest_route=\/wp\/v2\/posts\/46619\/revisions\/46622"}],"wp:attachment":[{"href":"https:\/\/estado29.mx\/index.php?rest_route=%2Fwp%2Fv2%2Fmedia&parent=46619"}],"wp:term":[{"taxonomy":"category","embeddable":true,"href":"https:\/\/estado29.mx\/index.php?rest_route=%2Fwp%2Fv2%2Fcategories&post=46619"},{"taxonomy":"post_tag","embeddable":true,"href":"https:\/\/estado29.mx\/index.php?rest_route=%2Fwp%2Fv2%2Ftags&post=46619"}],"curies":[{"name":"wp","href":"https:\/\/api.w.org\/{rel}","templated":true}]}}