{"id":46627,"date":"2019-04-17T12:20:30","date_gmt":"2019-04-17T17:20:30","guid":{"rendered":"http:\/\/estado29.mx\/?p=46627"},"modified":"2019-04-17T12:21:06","modified_gmt":"2019-04-17T17:21:06","slug":"preparan-denuncia-por-usurpacion-de-funciones-en-delegacion-del-issste-tlaxcala","status":"publish","type":"post","link":"https:\/\/estado29.mx\/?p=46627","title":{"rendered":"Preparan denuncia por usurpaci\u00f3n de funciones en delegaci\u00f3n del Issste Tlaxcala"},"content":{"rendered":"\n<p>La Delegada de Programas Federales para el Desarrollo en\nTlaxcala, Lorena Cu\u00e9llar Cisneros inform\u00f3 que desde oficinas centrales del Instituto\nde Seguridad y Servicios Sociales de los Trabajadores del Estado (Issste) se\nanaliza y prepara una denuncia por usurpaci\u00f3n de funciones en contra de Perla L\u00f3pez\nLoyo por resistirse a dejar la delegaci\u00f3n del instituto en la entidad. <\/p>\n\n\n\n<p>Y es que tal como lo hab\u00eda adelantado el presidente de la\nRep\u00fablica, Andr\u00e9s Manuel L\u00f3pez Obrador, las delegaciones fueron suprimidas del\norganigrama gubernamental, con el prop\u00f3sito de reducir la burocracia del\nGobierno Federal&nbsp; en las 32 entidades\nfederativas y con ello evitar la dispersi\u00f3n de recursos para el pago de sueldos\npara personal de confianza, situaci\u00f3n que se registr\u00f3 en Tlaxcala desde hace\nunos por lo que fueron desaparecidas las 46 delegaciones federales. <\/p>\n\n\n\n<p>Incluso, en la n\u00f3mina del gobierno federal ya no aparecen\nlas remuneraciones para delegados, tampoco para sus colaboradores de confianza;\nsin embargo, L\u00f3pez Loyo se ha negado a abandonar el cargo. <\/p>\n\n\n\n<p>Al respecto, Cu\u00e9llar Cisneros declar\u00f3 que a la fecha\ncontin\u00faa en la dependencia por lo que a nivel central ya se prepara la medida\nlegal para obligar a la exdelegada del Issste que abandone el cargo. <\/p>\n\n\n\n<p>\u201cHasta&nbsp; la fecha sabemos\nque ella (Perla L\u00f3pez) contin\u00faa en la dependencia, pues esto tiene que venir de\nnivel central en el momento que se den las instrucciones de nivel central en el\nmomento que se den las instrucciones necesarias, eso lo tiene que realizar\noficinas centrales por eso nosotros estamos siendo respetuosos de esa parte\u201d. <\/p>\n\n\n\n<p>Hace unas semanas, el dirigente del Sindicato Nacional de\nlos trabajadores del Issste Secci\u00f3n 34, &nbsp;Francisco\nAlberto P\u00e9rez Flores pidi\u00f3 a nombre de la base que Perla L\u00f3pez dejara&nbsp; el cargo de manera inmediata ya que genera\nmalestar e ilegalidad, incluso se hab\u00eda organizado un paro de actividades de\nlos trabajadores del instituto pero de \u00faltimo momento fue suspendida, y el\ndirigente sindical se ha negado a dar alguna declaraci\u00f3n al respecto. Mientras tanto\nel sindicato permanece en silencio a pesar de la molestia que existe entre la\nbase por la permanencia de la exdelegada. <\/p>\n","protected":false},"excerpt":{"rendered":"<p>La Delegada de Programas Federales para el Desarrollo en Tlaxcala, Lorena Cu\u00e9llar Cisneros inform\u00f3 que desde oficinas centrales del Instituto de Seguridad y Servicios Sociales de los Trabajadores del Estado (Issste) se analiza y prepara una denuncia por usurpaci\u00f3n de funciones en contra de Perla L\u00f3pez Loyo por resistirse a dejar la delegaci\u00f3n del instituto [&hellip;]<\/p>\n","protected":false},"author":31,"featured_media":0,"comment_status":"open","ping_status":"open","sticky":false,"template":"","format":"standard","meta":{"om_disable_all_campaigns":false,"_monsterinsights_skip_tracking":false,"_monsterinsights_sitenote_active":false,"_monsterinsights_sitenote_note":"","_monsterinsights_sitenote_category":0,"jnews-multi-image_gallery":[],"jnews_single_post":[],"jnews_primary_category":[],"footnotes":""},"categories":[],"tags":[],"class_list":["post-46627","post","type-post","status-publish","format-standard","hentry"],"aioseo_notices":[],"_links":{"self":[{"href":"https:\/\/estado29.mx\/index.php?rest_route=\/wp\/v2\/posts\/46627","targetHints":{"allow":["GET"]}}],"collection":[{"href":"https:\/\/estado29.mx\/index.php?rest_route=\/wp\/v2\/posts"}],"about":[{"href":"https:\/\/estado29.mx\/index.php?rest_route=\/wp\/v2\/types\/post"}],"author":[{"embeddable":true,"href":"https:\/\/estado29.mx\/index.php?rest_route=\/wp\/v2\/users\/31"}],"replies":[{"embeddable":true,"href":"https:\/\/estado29.mx\/index.php?rest_route=%2Fwp%2Fv2%2Fcomments&post=46627"}],"version-history":[{"count":1,"href":"https:\/\/estado29.mx\/index.php?rest_route=\/wp\/v2\/posts\/46627\/revisions"}],"predecessor-version":[{"id":46630,"href":"https:\/\/estado29.mx\/index.php?rest_route=\/wp\/v2\/posts\/46627\/revisions\/46630"}],"wp:attachment":[{"href":"https:\/\/estado29.mx\/index.php?rest_route=%2Fwp%2Fv2%2Fmedia&parent=46627"}],"wp:term":[{"taxonomy":"category","embeddable":true,"href":"https:\/\/estado29.mx\/index.php?rest_route=%2Fwp%2Fv2%2Fcategories&post=46627"},{"taxonomy":"post_tag","embeddable":true,"href":"https:\/\/estado29.mx\/index.php?rest_route=%2Fwp%2Fv2%2Ftags&post=46627"}],"curies":[{"name":"wp","href":"https:\/\/api.w.org\/{rel}","templated":true}]}}