{"id":46631,"date":"2019-04-17T14:30:01","date_gmt":"2019-04-17T19:30:01","guid":{"rendered":"http:\/\/estado29.mx\/?p=46631"},"modified":"2019-04-17T14:30:51","modified_gmt":"2019-04-17T19:30:51","slug":"afectara-a-capacitacion-e-infraestructura-cancelacion-del-prodermagico-secture","status":"publish","type":"post","link":"https:\/\/estado29.mx\/?p=46631","title":{"rendered":"Afectar\u00e1 a capacitaci\u00f3n e infraestructura, cancelaci\u00f3n del Proderm\u00e1gico: Secture"},"content":{"rendered":"\n<p>El titular de la Secretar\u00eda de Turismo del Estado\n(Secture), Roberto N\u00fa\u00f1ez Bale\u00f3n inform\u00f3 que la cancelaci\u00f3n del Programa de\nDesarrollo Regional Tur\u00edstico Sustentable y Pueblos M\u00e1gicos (Proderm\u00e1gico)\nimpactar\u00e1 de manera negativa en la capacitaci\u00f3n para prestadores de servicios tur\u00edsticos,\nimpulso a la infraestructura, y en la reducci\u00f3n de la meta de implementaci\u00f3n de\ndistintivos de calidad. <\/p>\n\n\n\n<p>En entrevista, el secretario indic\u00f3 que est\u00e1n a la espera\nde conocer la reglas de operaci\u00f3n de los dem\u00e1s programas que maneja la\nSecretar\u00eda de Turismo federal para poder acceder a algunos otros beneficios, y\nel Gobierno del Estado tambi\u00e9n est\u00e1 haciendo provisiones para poder paliar las\nnecesidades en el sector tur\u00edstico. <\/p>\n\n\n\n<p>Por lo pronto con la cancelaci\u00f3n del Proderm\u00e1gico, el\nEstado puso a disposici\u00f3n del sector tur\u00edstico la cantidad de dos millones 500\nmil pesos para poder impulsar la capacitaci\u00f3n e infraestructura, &nbsp;cuando antes se ten\u00edan cinco millones de pesos\ncon la aportaci\u00f3n del Gobierno Federal por lo que ahora tendr\u00e1n que realizar\ngestiones con instituciones acad\u00e9micas, organizaciones, y otras instancias para\nbajar los costos. <\/p>\n\n\n\n<p>Con esos recortes el secretario dijo que \u201cse recortan\nprogramas de capacitaci\u00f3n, que queremos ver de qu\u00e9 manera sean los menores\nposible, es donde nos pega, programas de calidad donde se subsidiaba a algunas\nempresas para que dieran inicio para la obtenci\u00f3n de distintivos como puntos\nlimpios, y otros, es reducir la meta tanto de capacitaciones como de implementaci\u00f3n\nde distintivos de calidad\u201d. <\/p>\n\n\n\n<p>Agreg\u00f3 que con la cancelaci\u00f3n del Proderm\u00e1gico tambi\u00e9n se\nafectar\u00e1 el rubro de infraestructura para Pueblos M\u00e1gicos o destinos tur\u00edsticos,\nque es donde se requiere realizar inversi\u00f3n. <\/p>\n\n\n\n<p>\u201cDesafortunadamente se desapareci\u00f3 el programa Proderm\u00e1gico\nque es de donde Sectur prove\u00eda para el tema de infraestructura pero tambi\u00e9n\npara recursos de capacitaci\u00f3n es lo que nos fortalec\u00eda m\u00e1s, porque la capacitaci\u00f3n\npara los prestadores de servicios era fundamental ahora lo redujeron a la mitad\ny ahora tenemos que ver c\u00f3mo obtenemos ese faltante tenemos un recurso local\nque ya estamos poniendo a disposici\u00f3n de dos millones y medio para capacitaci\u00f3n\nno es mucho hac\u00edamos cinco millones con la aportaci\u00f3n federal, estamos a la\nmitad, pero estamos viendo otras alternativas con instituciones acad\u00e9micas y de\ncapacitaci\u00f3n con las que la Sectur tiene convenio y nos cueste lo menos posible\no no nos cueste\u201d. <\/p>\n","protected":false},"excerpt":{"rendered":"<p>El titular de la Secretar\u00eda de Turismo del Estado (Secture), Roberto N\u00fa\u00f1ez Bale\u00f3n inform\u00f3 que la cancelaci\u00f3n del Programa de Desarrollo Regional Tur\u00edstico Sustentable y Pueblos M\u00e1gicos (Proderm\u00e1gico) impactar\u00e1 de manera negativa en la capacitaci\u00f3n para prestadores de servicios tur\u00edsticos, impulso a la infraestructura, y en la reducci\u00f3n de la meta de implementaci\u00f3n de distintivos [&hellip;]<\/p>\n","protected":false},"author":31,"featured_media":0,"comment_status":"open","ping_status":"open","sticky":false,"template":"","format":"standard","meta":{"om_disable_all_campaigns":false,"_monsterinsights_skip_tracking":false,"_monsterinsights_sitenote_active":false,"_monsterinsights_sitenote_note":"","_monsterinsights_sitenote_category":0,"jnews-multi-image_gallery":[],"jnews_single_post":[],"jnews_primary_category":[],"footnotes":""},"categories":[],"tags":[],"class_list":["post-46631","post","type-post","status-publish","format-standard","hentry"],"aioseo_notices":[],"_links":{"self":[{"href":"https:\/\/estado29.mx\/index.php?rest_route=\/wp\/v2\/posts\/46631","targetHints":{"allow":["GET"]}}],"collection":[{"href":"https:\/\/estado29.mx\/index.php?rest_route=\/wp\/v2\/posts"}],"about":[{"href":"https:\/\/estado29.mx\/index.php?rest_route=\/wp\/v2\/types\/post"}],"author":[{"embeddable":true,"href":"https:\/\/estado29.mx\/index.php?rest_route=\/wp\/v2\/users\/31"}],"replies":[{"embeddable":true,"href":"https:\/\/estado29.mx\/index.php?rest_route=%2Fwp%2Fv2%2Fcomments&post=46631"}],"version-history":[{"count":1,"href":"https:\/\/estado29.mx\/index.php?rest_route=\/wp\/v2\/posts\/46631\/revisions"}],"predecessor-version":[{"id":46634,"href":"https:\/\/estado29.mx\/index.php?rest_route=\/wp\/v2\/posts\/46631\/revisions\/46634"}],"wp:attachment":[{"href":"https:\/\/estado29.mx\/index.php?rest_route=%2Fwp%2Fv2%2Fmedia&parent=46631"}],"wp:term":[{"taxonomy":"category","embeddable":true,"href":"https:\/\/estado29.mx\/index.php?rest_route=%2Fwp%2Fv2%2Fcategories&post=46631"},{"taxonomy":"post_tag","embeddable":true,"href":"https:\/\/estado29.mx\/index.php?rest_route=%2Fwp%2Fv2%2Ftags&post=46631"}],"curies":[{"name":"wp","href":"https:\/\/api.w.org\/{rel}","templated":true}]}}