{"id":46648,"date":"2019-04-17T15:43:46","date_gmt":"2019-04-17T20:43:46","guid":{"rendered":"http:\/\/estado29.mx\/?p=46648"},"modified":"2019-04-17T19:09:56","modified_gmt":"2019-04-18T00:09:56","slug":"reforma-laboral-aprobada-por-diputados-federales-esta-incompleta-altamirano-islas","status":"publish","type":"post","link":"https:\/\/estado29.mx\/?p=46648","title":{"rendered":"Reforma laboral aprobada por diputados federales est\u00e1 incompleta: Altamirano Islas"},"content":{"rendered":"\n<p>El presidente de la\nCoparmex en Tlaxcala, No\u00e9 Altamirano Islas, asever\u00f3 que la reforma laboral\naprobada por diputados federales y turnado al Senado est\u00e1 incompleta pues se\ndejaron fuera de aspectos sindicales y la oportunidad para empresas de celebrar\nm\u00faltiple contratos colectivos.<\/p>\n\n\n\n<p>\u201cHubo algunas\nconsideraciones que si se consideraron en la Mesa de Trabajo y eso obviamente\nes algo importante para nosotros y por otro lado creo que es valioso decir que\nhay algunos temas que no se han considerado y que nosotros hemos hecho el\nllamado para que precisamente eso se est\u00e9 dando, queda pendiente el hecho de no\npertenecer a ning\u00fan sindicato creo que tenemos que reforzar ese punto, la\nposibilidad de celebrar m\u00faltiples contrato colectivos de trabajo y obviamente\nno se est\u00e1 garantizando el car\u00e1cter tripartito que permite el dialogo entre\nestos tres entes, creo que tenemos que reforzar esto en el centro federal de\nconciliaci\u00f3n y registro laboral que es ah\u00ed donde buscamos que haya este dialogo\nque no se est\u00e1 considerando\u201d.<\/p>\n\n\n\n<p>Explic\u00f3 que en el\naf\u00e1n de que la reforma laboral cumpla con su objetivo de impulsar la\ncompetitividad en M\u00e9xico es necesario que se aborden los temas pendientes en el\nSenado, a fin de no dejar fuera aspectos fundamentales.<\/p>\n\n\n\n<p>\u201cY la estabilidad de\nlas empresas y garantizar las fuentes de empleo, hay algunos datos que falta\ntrabajar, hacemos un llamado ahora al Senado para que se consideren estos\npuntos que no se han discutido, principalmente el derecho de la no asociaci\u00f3n\nsindical\u201d.<\/p>\n\n\n\n<p>Altamirano Islas\nenfatiz\u00f3 que la Coparmex conf\u00eda en que las observaciones del sector empresarial\nser\u00e1n tomadas en cuenta, toda vez que trabajaron de manera conjunta para lograr\nuna ley integral y en beneficio general.<\/p>\n","protected":false},"excerpt":{"rendered":"<p>El presidente de la Coparmex en Tlaxcala, No\u00e9 Altamirano Islas, asever\u00f3 que la reforma laboral aprobada por diputados federales y turnado al Senado est\u00e1 incompleta pues se dejaron fuera de aspectos sindicales y la oportunidad para empresas de celebrar m\u00faltiple contratos colectivos. \u201cHubo algunas consideraciones que si se consideraron en la Mesa de Trabajo y [&hellip;]<\/p>\n","protected":false},"author":28,"featured_media":0,"comment_status":"open","ping_status":"open","sticky":false,"template":"","format":"standard","meta":{"om_disable_all_campaigns":false,"_monsterinsights_skip_tracking":false,"_monsterinsights_sitenote_active":false,"_monsterinsights_sitenote_note":"","_monsterinsights_sitenote_category":0,"jnews-multi-image_gallery":[],"jnews_single_post":[],"jnews_primary_category":[],"footnotes":""},"categories":[],"tags":[],"class_list":["post-46648","post","type-post","status-publish","format-standard","hentry"],"aioseo_notices":[],"_links":{"self":[{"href":"https:\/\/estado29.mx\/index.php?rest_route=\/wp\/v2\/posts\/46648","targetHints":{"allow":["GET"]}}],"collection":[{"href":"https:\/\/estado29.mx\/index.php?rest_route=\/wp\/v2\/posts"}],"about":[{"href":"https:\/\/estado29.mx\/index.php?rest_route=\/wp\/v2\/types\/post"}],"author":[{"embeddable":true,"href":"https:\/\/estado29.mx\/index.php?rest_route=\/wp\/v2\/users\/28"}],"replies":[{"embeddable":true,"href":"https:\/\/estado29.mx\/index.php?rest_route=%2Fwp%2Fv2%2Fcomments&post=46648"}],"version-history":[{"count":2,"href":"https:\/\/estado29.mx\/index.php?rest_route=\/wp\/v2\/posts\/46648\/revisions"}],"predecessor-version":[{"id":46654,"href":"https:\/\/estado29.mx\/index.php?rest_route=\/wp\/v2\/posts\/46648\/revisions\/46654"}],"wp:attachment":[{"href":"https:\/\/estado29.mx\/index.php?rest_route=%2Fwp%2Fv2%2Fmedia&parent=46648"}],"wp:term":[{"taxonomy":"category","embeddable":true,"href":"https:\/\/estado29.mx\/index.php?rest_route=%2Fwp%2Fv2%2Fcategories&post=46648"},{"taxonomy":"post_tag","embeddable":true,"href":"https:\/\/estado29.mx\/index.php?rest_route=%2Fwp%2Fv2%2Ftags&post=46648"}],"curies":[{"name":"wp","href":"https:\/\/api.w.org\/{rel}","templated":true}]}}