{"id":46663,"date":"2019-04-17T22:51:00","date_gmt":"2019-04-18T03:51:00","guid":{"rendered":"http:\/\/estado29.mx\/?p=46663"},"modified":"2019-04-17T22:51:27","modified_gmt":"2019-04-18T03:51:27","slug":"representaran-en-cuapiaxtla-la-crucifixion-de-jesucristo-%ef%bb%bf","status":"publish","type":"post","link":"https:\/\/estado29.mx\/?p=46663","title":{"rendered":"Representar\u00e1n en Cuapiaxtla la crucifixi\u00f3n de Jesucristo.  \ufeff"},"content":{"rendered":"\n<p>Como se ha desarrollado a\u00f1o tras a\u00f1o, en este 2019, se llevar\u00e1 a cabo la representaci\u00f3n n\u00famero 67 de la crucifixi\u00f3n y muerte de Jesucristo, a cargo de un grupo originario de la comuna; dando inicio con las actividades el d\u00eda de ma\u00f1ana a las 8 de la noche y concluyendo el pr\u00f3ximo viernes 19 de abril. <\/p>\n\n\n\n<p>En este sentido Juan Carlos G\u00e1lvez Romero, Director del grupo que llevar\u00e1\u00a0 acabo esta representaci\u00f3n se\u00f1al\u00f3 \u201cEstamos afinando los \u00faltimos detalles para que nuevamente se realice esta obra con la fe y devoci\u00f3n que a\u00f1o tras a\u00f1o se hace, este a\u00f1o con personas que han participado desde a\u00f1os atr\u00e1s y otros m\u00e1s que se integraron para esta edici\u00f3n\u201d.\u00a0 <\/p>\n\n\n\n<p>El total de personas que participan en esta representaci\u00f3n es cercana a los 130, entre actores, extras y personas que se encargan de montar los escenarios donde se lleva a cabo cada una de las historias. <\/p>\n\n\n\n<p>Por ello, invita al p\u00fablico en general a participar en este importante representaci\u00f3n en el estado de Tlaxcala, ya que no solo se trata de verla sino de reflexionar sobre las cosas que se han hecho mal y tratar de remediarlas, se\u00f1al\u00f3 el director de la obra. <\/p>\n\n\n\n<p>Entre algunas recomendaciones es asistir con art\u00edculos que puedan cubrir los rayos del sol, tomar abundantes l\u00edquidos para evitar la deshidrataci\u00f3n, cuidar especialmente a ni\u00f1os y personas de la tercera edad y en caso de requerir alg\u00fan servicio de emergencia comunicarse al 911. <\/p>\n","protected":false},"excerpt":{"rendered":"<p>Como se ha desarrollado a\u00f1o tras a\u00f1o, en este 2019, se llevar\u00e1 a cabo la representaci\u00f3n n\u00famero 67 de la crucifixi\u00f3n y muerte de Jesucristo, a cargo de un grupo originario de la comuna; dando inicio con las actividades el d\u00eda de ma\u00f1ana a las 8 de la noche y concluyendo el pr\u00f3ximo viernes 19 [&hellip;]<\/p>\n","protected":false},"author":19,"featured_media":0,"comment_status":"open","ping_status":"open","sticky":false,"template":"","format":"standard","meta":{"om_disable_all_campaigns":false,"_monsterinsights_skip_tracking":false,"_monsterinsights_sitenote_active":false,"_monsterinsights_sitenote_note":"","_monsterinsights_sitenote_category":0,"jnews-multi-image_gallery":[],"jnews_single_post":[],"jnews_primary_category":[],"footnotes":""},"categories":[],"tags":[],"class_list":["post-46663","post","type-post","status-publish","format-standard","hentry"],"aioseo_notices":[],"_links":{"self":[{"href":"https:\/\/estado29.mx\/index.php?rest_route=\/wp\/v2\/posts\/46663","targetHints":{"allow":["GET"]}}],"collection":[{"href":"https:\/\/estado29.mx\/index.php?rest_route=\/wp\/v2\/posts"}],"about":[{"href":"https:\/\/estado29.mx\/index.php?rest_route=\/wp\/v2\/types\/post"}],"author":[{"embeddable":true,"href":"https:\/\/estado29.mx\/index.php?rest_route=\/wp\/v2\/users\/19"}],"replies":[{"embeddable":true,"href":"https:\/\/estado29.mx\/index.php?rest_route=%2Fwp%2Fv2%2Fcomments&post=46663"}],"version-history":[{"count":1,"href":"https:\/\/estado29.mx\/index.php?rest_route=\/wp\/v2\/posts\/46663\/revisions"}],"predecessor-version":[{"id":46666,"href":"https:\/\/estado29.mx\/index.php?rest_route=\/wp\/v2\/posts\/46663\/revisions\/46666"}],"wp:attachment":[{"href":"https:\/\/estado29.mx\/index.php?rest_route=%2Fwp%2Fv2%2Fmedia&parent=46663"}],"wp:term":[{"taxonomy":"category","embeddable":true,"href":"https:\/\/estado29.mx\/index.php?rest_route=%2Fwp%2Fv2%2Fcategories&post=46663"},{"taxonomy":"post_tag","embeddable":true,"href":"https:\/\/estado29.mx\/index.php?rest_route=%2Fwp%2Fv2%2Ftags&post=46663"}],"curies":[{"name":"wp","href":"https:\/\/api.w.org\/{rel}","templated":true}]}}