{"id":46706,"date":"2019-04-18T16:40:33","date_gmt":"2019-04-18T21:40:33","guid":{"rendered":"http:\/\/estado29.mx\/?p=46706"},"modified":"2019-04-18T16:40:54","modified_gmt":"2019-04-18T21:40:54","slug":"imparten-taller-de-analisis-de-recomendacion-a-personal-de-la-cedh","status":"publish","type":"post","link":"https:\/\/estado29.mx\/?p=46706","title":{"rendered":"Imparten Taller de An\u00e1lisis de Recomendaci\u00f3n a personal de la Cedh"},"content":{"rendered":"\n<p>Con el objetivo de fortalecer las \u00e1reas de conocimiento, la\nComisi\u00f3n Estatal de Derechos Humanos el d\u00eda de ayer, llev\u00f3 a cabo el taller\n\u201cAn\u00e1lisis de Recomendaci\u00f3n\u201d, dirigido&nbsp; a\nVisitadores, Directores de \u00e1rea y Psic\u00f3logos.<\/p>\n\n\n\n<p>En este sentido, el Presidente de la Comisi\u00f3n, V\u00edctor Manuel\nCid del Prado Pineda, inform\u00f3 que el curso-taller, est\u00e1 planeado para\nimpartirse a Organismos protectores de Derechos Humanos que llevan como\nfinalidad conocer el sistema de protecci\u00f3n en Derechos Humanos.<\/p>\n\n\n\n<p>Se\u00f1al\u00f3 que estos cursos se han aplicado en toda la rep\u00fablica\nmexicana, sin embargo, es la primera vez que se imparte el tema en el estado,\nadem\u00e1s a otros poderes como el Tribunal Superior de Justicia y el Poder\nJudicial.<\/p>\n\n\n\n<p>Refiri\u00f3 que se buscan expertos en los temas, por ello, se le\nsolicit\u00f3 a la Secretar\u00eda T\u00e9cnica del Consejo Consultivo de la Comisi\u00f3n Nacional\nde Derechos Humanos (CNDH), Jorge Flores Zamudio, dictar el curso-taller,\n\u201cAn\u00e1lisis de Recomendaci\u00f3n\u201d.<\/p>\n\n\n\n<p>Este tema, es importante para los visitadores, toda vez que\nes analizar la estructura de una recomendaci\u00f3n, sus alcances, procesos y\nefectos cuando se emiten y se espera la resoluci\u00f3n.<\/p>\n","protected":false},"excerpt":{"rendered":"<p>Con el objetivo de fortalecer las \u00e1reas de conocimiento, la Comisi\u00f3n Estatal de Derechos Humanos el d\u00eda de ayer, llev\u00f3 a cabo el taller \u201cAn\u00e1lisis de Recomendaci\u00f3n\u201d, dirigido&nbsp; a Visitadores, Directores de \u00e1rea y Psic\u00f3logos. En este sentido, el Presidente de la Comisi\u00f3n, V\u00edctor Manuel Cid del Prado Pineda, inform\u00f3 que el curso-taller, est\u00e1 planeado [&hellip;]<\/p>\n","protected":false},"author":28,"featured_media":0,"comment_status":"open","ping_status":"open","sticky":false,"template":"","format":"standard","meta":{"om_disable_all_campaigns":false,"_monsterinsights_skip_tracking":false,"_monsterinsights_sitenote_active":false,"_monsterinsights_sitenote_note":"","_monsterinsights_sitenote_category":0,"jnews-multi-image_gallery":[],"jnews_single_post":[],"jnews_primary_category":[],"footnotes":""},"categories":[],"tags":[],"class_list":["post-46706","post","type-post","status-publish","format-standard","hentry"],"aioseo_notices":[],"_links":{"self":[{"href":"https:\/\/estado29.mx\/index.php?rest_route=\/wp\/v2\/posts\/46706","targetHints":{"allow":["GET"]}}],"collection":[{"href":"https:\/\/estado29.mx\/index.php?rest_route=\/wp\/v2\/posts"}],"about":[{"href":"https:\/\/estado29.mx\/index.php?rest_route=\/wp\/v2\/types\/post"}],"author":[{"embeddable":true,"href":"https:\/\/estado29.mx\/index.php?rest_route=\/wp\/v2\/users\/28"}],"replies":[{"embeddable":true,"href":"https:\/\/estado29.mx\/index.php?rest_route=%2Fwp%2Fv2%2Fcomments&post=46706"}],"version-history":[{"count":1,"href":"https:\/\/estado29.mx\/index.php?rest_route=\/wp\/v2\/posts\/46706\/revisions"}],"predecessor-version":[{"id":46709,"href":"https:\/\/estado29.mx\/index.php?rest_route=\/wp\/v2\/posts\/46706\/revisions\/46709"}],"wp:attachment":[{"href":"https:\/\/estado29.mx\/index.php?rest_route=%2Fwp%2Fv2%2Fmedia&parent=46706"}],"wp:term":[{"taxonomy":"category","embeddable":true,"href":"https:\/\/estado29.mx\/index.php?rest_route=%2Fwp%2Fv2%2Fcategories&post=46706"},{"taxonomy":"post_tag","embeddable":true,"href":"https:\/\/estado29.mx\/index.php?rest_route=%2Fwp%2Fv2%2Ftags&post=46706"}],"curies":[{"name":"wp","href":"https:\/\/api.w.org\/{rel}","templated":true}]}}