{"id":46714,"date":"2019-04-19T22:43:48","date_gmt":"2019-04-20T03:43:48","guid":{"rendered":"http:\/\/estado29.mx\/?p=46714"},"modified":"2019-04-19T22:44:07","modified_gmt":"2019-04-20T03:44:07","slug":"convoca-ayuntamiento-de-tocatlan-donar-arboles-para-reforestacion-del-cerro-quimicho","status":"publish","type":"post","link":"https:\/\/estado29.mx\/?p=46714","title":{"rendered":"Convoca ayuntamiento de Tocatl\u00e1n donar \u00e1rboles para reforestaci\u00f3n del cerro Quimicho."},"content":{"rendered":"\n<p>Como se lo dimos a conocer, hace unos d\u00edas, se present\u00f3 un\nincendio forestal sobre el cerro Quimicho, ubicado en el municipio de Santa\nMar\u00eda Tocatl\u00e1n, que afect\u00f3 a cerca de 150 hect\u00e1reas en la parte que colinda con\nla comuna en menci\u00f3n. <\/p>\n\n\n\n<p>Por esta raz\u00f3n el alcalde, Jos\u00e9 del Carmen Hern\u00e1ndez\nMorales, se\u00f1al\u00f3, abri\u00f3 una convocatoria para que las personas puedan donar\n\u00e1rboles y posteriormente iniciar una campa\u00f1a de reforestaci\u00f3n masiva. <\/p>\n\n\n\n<p>El edil abundo, tambi\u00e9n, tendr\u00e1 acercamiento con algunas\ndependencias estatales y federales para poder realizar la solicitud necesaria y\nel municipio pueda beneficiarse con la adquisici\u00f3n de \u00e1rboles de diferentes\nvariedades. <\/p>\n\n\n\n<p>\u201cEstamos tristes, sin embargo, tenemos que hacer estrategia\npara poder resolver el problema, quedarnos con los brazos cruzados no servir\u00e1\nde nada, entonces, haremos la convocatoria as\u00ed como los trabajos necesarios\npara lograr conseguir \u00e1rboles\u201d abund\u00f3 el edil. <\/p>\n\n\n\n<p>Cabe se\u00f1alar que hasta hace unas semanas, el cerro de\nQuimicho contaba con una poblaci\u00f3n total cercana al 90% y despu\u00e9s del incendio\ncuenta solo con 60%. <\/p>\n","protected":false},"excerpt":{"rendered":"<p>Como se lo dimos a conocer, hace unos d\u00edas, se present\u00f3 un incendio forestal sobre el cerro Quimicho, ubicado en el municipio de Santa Mar\u00eda Tocatl\u00e1n, que afect\u00f3 a cerca de 150 hect\u00e1reas en la parte que colinda con la comuna en menci\u00f3n. Por esta raz\u00f3n el alcalde, Jos\u00e9 del Carmen Hern\u00e1ndez Morales, se\u00f1al\u00f3, abri\u00f3 [&hellip;]<\/p>\n","protected":false},"author":19,"featured_media":0,"comment_status":"open","ping_status":"open","sticky":false,"template":"","format":"standard","meta":{"om_disable_all_campaigns":false,"_monsterinsights_skip_tracking":false,"_monsterinsights_sitenote_active":false,"_monsterinsights_sitenote_note":"","_monsterinsights_sitenote_category":0,"jnews-multi-image_gallery":[],"jnews_single_post":[],"jnews_primary_category":[],"footnotes":""},"categories":[],"tags":[],"class_list":["post-46714","post","type-post","status-publish","format-standard","hentry"],"aioseo_notices":[],"_links":{"self":[{"href":"https:\/\/estado29.mx\/index.php?rest_route=\/wp\/v2\/posts\/46714","targetHints":{"allow":["GET"]}}],"collection":[{"href":"https:\/\/estado29.mx\/index.php?rest_route=\/wp\/v2\/posts"}],"about":[{"href":"https:\/\/estado29.mx\/index.php?rest_route=\/wp\/v2\/types\/post"}],"author":[{"embeddable":true,"href":"https:\/\/estado29.mx\/index.php?rest_route=\/wp\/v2\/users\/19"}],"replies":[{"embeddable":true,"href":"https:\/\/estado29.mx\/index.php?rest_route=%2Fwp%2Fv2%2Fcomments&post=46714"}],"version-history":[{"count":1,"href":"https:\/\/estado29.mx\/index.php?rest_route=\/wp\/v2\/posts\/46714\/revisions"}],"predecessor-version":[{"id":46717,"href":"https:\/\/estado29.mx\/index.php?rest_route=\/wp\/v2\/posts\/46714\/revisions\/46717"}],"wp:attachment":[{"href":"https:\/\/estado29.mx\/index.php?rest_route=%2Fwp%2Fv2%2Fmedia&parent=46714"}],"wp:term":[{"taxonomy":"category","embeddable":true,"href":"https:\/\/estado29.mx\/index.php?rest_route=%2Fwp%2Fv2%2Fcategories&post=46714"},{"taxonomy":"post_tag","embeddable":true,"href":"https:\/\/estado29.mx\/index.php?rest_route=%2Fwp%2Fv2%2Ftags&post=46714"}],"curies":[{"name":"wp","href":"https:\/\/api.w.org\/{rel}","templated":true}]}}