{"id":46718,"date":"2019-04-19T22:46:27","date_gmt":"2019-04-20T03:46:27","guid":{"rendered":"http:\/\/estado29.mx\/?p=46718"},"modified":"2019-04-19T22:46:46","modified_gmt":"2019-04-20T03:46:46","slug":"continua-solicitud-para-reductores-de-velocidad-sobre-la-carretera-mexico-veracruz-en-huamantla","status":"publish","type":"post","link":"https:\/\/estado29.mx\/?p=46718","title":{"rendered":"Continua solicitud para reductores de velocidad sobre la carretera M\u00e9xico Veracruz en Huamantla."},"content":{"rendered":"\n<p>Con una serie de m\u00faltiples accidentes automovil\u00edsticos\nprincipalmente que se han presentado sobre la carretera M\u00e9xico Veracruz,\nespec\u00edficamente frente a la coordinaci\u00f3n de BRISA Huamantla, donde\nlamentablemente ya han cobrado la vida de algunas personas, el Coordinador de\nProtecci\u00f3n Civil Municipal, dio a conocer, contin\u00faan los tr\u00e1mites necesarios\npara implementar estrategias y lograr la disminuci\u00f3n de los mismos. <\/p>\n\n\n\n<p>Se\u00f1al\u00f3 la petici\u00f3n se ha realizado con la Secretar\u00eda de\nComunicaciones y Transportes del Estado, a fin de que sea la dependencia\ncorrespondiente quien se encargue de efectuar las acciones correspondientes o\nbien dar la autorizaci\u00f3n para que el gobierno municipal, en coordinaci\u00f3n con la\nempresa ICA, encargada de dar mantenimiento a las carreteras del estado, puedan\nrealizar los trabajos pertinentes. <\/p>\n\n\n\n<p>\u201cLa solicitud se realiz\u00f3 desde hace meses atr\u00e1s, no hemos\ntenido ning\u00fan tipo de respuesta, pero seguiremos insistiendo para que no se\nquede en las mismas condiciones la carretera y la disminuci\u00f3n de accidentes sea\nnotable, pues a\u00fan contin\u00faa una larga semana de vacaciones y muchos\nautomovilistas transitan por esta carretera\u201d se\u00f1al\u00f3 Rento D\u00edaz Contreras.<\/p>\n","protected":false},"excerpt":{"rendered":"<p>Con una serie de m\u00faltiples accidentes automovil\u00edsticos principalmente que se han presentado sobre la carretera M\u00e9xico Veracruz, espec\u00edficamente frente a la coordinaci\u00f3n de BRISA Huamantla, donde lamentablemente ya han cobrado la vida de algunas personas, el Coordinador de Protecci\u00f3n Civil Municipal, dio a conocer, contin\u00faan los tr\u00e1mites necesarios para implementar estrategias y lograr la disminuci\u00f3n [&hellip;]<\/p>\n","protected":false},"author":19,"featured_media":0,"comment_status":"open","ping_status":"open","sticky":false,"template":"","format":"standard","meta":{"om_disable_all_campaigns":false,"_monsterinsights_skip_tracking":false,"_monsterinsights_sitenote_active":false,"_monsterinsights_sitenote_note":"","_monsterinsights_sitenote_category":0,"jnews-multi-image_gallery":[],"jnews_single_post":[],"jnews_primary_category":[],"footnotes":""},"categories":[],"tags":[],"class_list":["post-46718","post","type-post","status-publish","format-standard","hentry"],"aioseo_notices":[],"_links":{"self":[{"href":"https:\/\/estado29.mx\/index.php?rest_route=\/wp\/v2\/posts\/46718","targetHints":{"allow":["GET"]}}],"collection":[{"href":"https:\/\/estado29.mx\/index.php?rest_route=\/wp\/v2\/posts"}],"about":[{"href":"https:\/\/estado29.mx\/index.php?rest_route=\/wp\/v2\/types\/post"}],"author":[{"embeddable":true,"href":"https:\/\/estado29.mx\/index.php?rest_route=\/wp\/v2\/users\/19"}],"replies":[{"embeddable":true,"href":"https:\/\/estado29.mx\/index.php?rest_route=%2Fwp%2Fv2%2Fcomments&post=46718"}],"version-history":[{"count":1,"href":"https:\/\/estado29.mx\/index.php?rest_route=\/wp\/v2\/posts\/46718\/revisions"}],"predecessor-version":[{"id":46721,"href":"https:\/\/estado29.mx\/index.php?rest_route=\/wp\/v2\/posts\/46718\/revisions\/46721"}],"wp:attachment":[{"href":"https:\/\/estado29.mx\/index.php?rest_route=%2Fwp%2Fv2%2Fmedia&parent=46718"}],"wp:term":[{"taxonomy":"category","embeddable":true,"href":"https:\/\/estado29.mx\/index.php?rest_route=%2Fwp%2Fv2%2Fcategories&post=46718"},{"taxonomy":"post_tag","embeddable":true,"href":"https:\/\/estado29.mx\/index.php?rest_route=%2Fwp%2Fv2%2Ftags&post=46718"}],"curies":[{"name":"wp","href":"https:\/\/api.w.org\/{rel}","templated":true}]}}