{"id":46728,"date":"2019-04-19T22:59:19","date_gmt":"2019-04-20T03:59:19","guid":{"rendered":"http:\/\/estado29.mx\/?p=46728"},"modified":"2019-04-19T22:59:38","modified_gmt":"2019-04-20T03:59:38","slug":"trabajara-congreso-del-estado-en-coordinacion-con-huamantla-para-mejorar-tema-de-ambulantaje-en-la-ciudad","status":"publish","type":"post","link":"https:\/\/estado29.mx\/?p=46728","title":{"rendered":"Trabajar\u00e1 congreso del estado en coordinaci\u00f3n con Huamantla para mejorar tema de ambulantaje en la ciudad."},"content":{"rendered":"\n<p>Con la finalidad de continuar preservando la denominaci\u00f3n de\npueblos m\u00e1gico tanto en los municipios de Tlaxco as\u00ed como en Huamantla, a pesar\nde que dicho programa haya sido cancelado por parte del Gobierno Federal, que\nencabeza Andr\u00e9s Manuel L\u00f3pez Obrador. <\/p>\n\n\n\n<p>La Diputada de la Comisi\u00f3n de Turismo en el Congreso del\nEstado, Mayra V\u00e1squez Vel\u00e1zquez, dio a conocer que se trabajar\u00e1 en conjunto con\nambos ayuntamientos para evitar el comercio informal pueda afectar la\ndenominaci\u00f3n que buscar\u00e1n preservar por lo menos en el estado de Tlaxcala.<\/p>\n\n\n\n<p>Se\u00f1al\u00f3 el comercio informal es uno de los mayores problemas\nque afecta, no solo a estos municipios, sino al resto e incluso la capital,\npues refiri\u00f3 entablar\u00e1 di\u00e1logo principalmente con Huamantla y Tlaxco para\nerradicar este problema y que pueda afectar dicha denominaci\u00f3n. <\/p>\n\n\n\n<p>Mayra V\u00e1squez Vel\u00e1zquez enfatiz\u00f3 no se afectar\u00e1n los\nintereses de quien con esta actividad crean una fuente de empleo, sin embargo,\nse reubicar\u00e1 y se tomar\u00e1n otras medidas para que puedan seguir con la venta de\nsus productos, sin afectar la denominaci\u00f3n de Pueblo M\u00e1gico.<\/p>\n","protected":false},"excerpt":{"rendered":"<p>Con la finalidad de continuar preservando la denominaci\u00f3n de pueblos m\u00e1gico tanto en los municipios de Tlaxco as\u00ed como en Huamantla, a pesar de que dicho programa haya sido cancelado por parte del Gobierno Federal, que encabeza Andr\u00e9s Manuel L\u00f3pez Obrador. La Diputada de la Comisi\u00f3n de Turismo en el Congreso del Estado, Mayra V\u00e1squez [&hellip;]<\/p>\n","protected":false},"author":19,"featured_media":0,"comment_status":"open","ping_status":"open","sticky":false,"template":"","format":"standard","meta":{"om_disable_all_campaigns":false,"_monsterinsights_skip_tracking":false,"_monsterinsights_sitenote_active":false,"_monsterinsights_sitenote_note":"","_monsterinsights_sitenote_category":0,"jnews-multi-image_gallery":[],"jnews_single_post":[],"jnews_primary_category":[],"footnotes":""},"categories":[],"tags":[],"class_list":["post-46728","post","type-post","status-publish","format-standard","hentry"],"aioseo_notices":[],"_links":{"self":[{"href":"https:\/\/estado29.mx\/index.php?rest_route=\/wp\/v2\/posts\/46728","targetHints":{"allow":["GET"]}}],"collection":[{"href":"https:\/\/estado29.mx\/index.php?rest_route=\/wp\/v2\/posts"}],"about":[{"href":"https:\/\/estado29.mx\/index.php?rest_route=\/wp\/v2\/types\/post"}],"author":[{"embeddable":true,"href":"https:\/\/estado29.mx\/index.php?rest_route=\/wp\/v2\/users\/19"}],"replies":[{"embeddable":true,"href":"https:\/\/estado29.mx\/index.php?rest_route=%2Fwp%2Fv2%2Fcomments&post=46728"}],"version-history":[{"count":1,"href":"https:\/\/estado29.mx\/index.php?rest_route=\/wp\/v2\/posts\/46728\/revisions"}],"predecessor-version":[{"id":46731,"href":"https:\/\/estado29.mx\/index.php?rest_route=\/wp\/v2\/posts\/46728\/revisions\/46731"}],"wp:attachment":[{"href":"https:\/\/estado29.mx\/index.php?rest_route=%2Fwp%2Fv2%2Fmedia&parent=46728"}],"wp:term":[{"taxonomy":"category","embeddable":true,"href":"https:\/\/estado29.mx\/index.php?rest_route=%2Fwp%2Fv2%2Fcategories&post=46728"},{"taxonomy":"post_tag","embeddable":true,"href":"https:\/\/estado29.mx\/index.php?rest_route=%2Fwp%2Fv2%2Ftags&post=46728"}],"curies":[{"name":"wp","href":"https:\/\/api.w.org\/{rel}","templated":true}]}}