{"id":46736,"date":"2019-04-22T07:11:58","date_gmt":"2019-04-22T12:11:58","guid":{"rendered":"http:\/\/estado29.mx\/?p=46736"},"modified":"2019-04-22T07:28:16","modified_gmt":"2019-04-22T12:28:16","slug":"se-registra-incendio-en-la-malinche","status":"publish","type":"post","link":"https:\/\/estado29.mx\/?p=46736","title":{"rendered":"Se registra incendio en la Malinche"},"content":{"rendered":"\n<p>Este domingo 21 de abril de 2019 se present\u00f3 alrededor de las 10:00 horas un incendio en la Malinche, el cual no ha sido controlado, esto por el dif\u00edcil clima que se presenta, como es el viento.<\/p>\n\n\n\n<p>En redes sociales se ha evidenciado el hecho, que transgrede el medio ambiente de este espacio natural, y pone en riesgo la flora y la fauna.<\/p>\n\n\n\n<p>Los primeros indicios, se\u00f1alan que este incendio, fue provocado al no apagar debidamente una fogata, esto por la mano de alg\u00fan visitante.<\/p>\n\n\n\n<p>Los brigadistas han estado trabajando, de manra coordinada con Comisi\u00f3n Nacional Forestal, Coordinaci\u00f3n General de Ecolog\u00eda y militares.<\/p>\n\n\n\n<p>Se trata de 19 kil\u00f3metros de di\u00e1metro, esto en el predio el p\u00e1ramo. <\/p>\n","protected":false},"excerpt":{"rendered":"<p>Este domingo 21 de abril de 2019 se present\u00f3 alrededor de las 10:00 horas un incendio en la Malinche, el cual no ha sido controlado, esto por el dif\u00edcil clima que se presenta, como es el viento. En redes sociales se ha evidenciado el hecho, que transgrede el medio ambiente de este espacio natural, y [&hellip;]<\/p>\n","protected":false},"author":28,"featured_media":0,"comment_status":"open","ping_status":"open","sticky":false,"template":"","format":"standard","meta":{"om_disable_all_campaigns":false,"_monsterinsights_skip_tracking":false,"_monsterinsights_sitenote_active":false,"_monsterinsights_sitenote_note":"","_monsterinsights_sitenote_category":0,"jnews-multi-image_gallery":[],"jnews_single_post":[],"jnews_primary_category":[],"footnotes":""},"categories":[],"tags":[],"class_list":["post-46736","post","type-post","status-publish","format-standard","hentry"],"aioseo_notices":[],"_links":{"self":[{"href":"https:\/\/estado29.mx\/index.php?rest_route=\/wp\/v2\/posts\/46736","targetHints":{"allow":["GET"]}}],"collection":[{"href":"https:\/\/estado29.mx\/index.php?rest_route=\/wp\/v2\/posts"}],"about":[{"href":"https:\/\/estado29.mx\/index.php?rest_route=\/wp\/v2\/types\/post"}],"author":[{"embeddable":true,"href":"https:\/\/estado29.mx\/index.php?rest_route=\/wp\/v2\/users\/28"}],"replies":[{"embeddable":true,"href":"https:\/\/estado29.mx\/index.php?rest_route=%2Fwp%2Fv2%2Fcomments&post=46736"}],"version-history":[{"count":2,"href":"https:\/\/estado29.mx\/index.php?rest_route=\/wp\/v2\/posts\/46736\/revisions"}],"predecessor-version":[{"id":46745,"href":"https:\/\/estado29.mx\/index.php?rest_route=\/wp\/v2\/posts\/46736\/revisions\/46745"}],"wp:attachment":[{"href":"https:\/\/estado29.mx\/index.php?rest_route=%2Fwp%2Fv2%2Fmedia&parent=46736"}],"wp:term":[{"taxonomy":"category","embeddable":true,"href":"https:\/\/estado29.mx\/index.php?rest_route=%2Fwp%2Fv2%2Fcategories&post=46736"},{"taxonomy":"post_tag","embeddable":true,"href":"https:\/\/estado29.mx\/index.php?rest_route=%2Fwp%2Fv2%2Ftags&post=46736"}],"curies":[{"name":"wp","href":"https:\/\/api.w.org\/{rel}","templated":true}]}}