{"id":46746,"date":"2019-04-22T07:46:10","date_gmt":"2019-04-22T12:46:10","guid":{"rendered":"http:\/\/estado29.mx\/?p=46746"},"modified":"2019-04-22T07:46:30","modified_gmt":"2019-04-22T12:46:30","slug":"combaten-dependecias-estatales-incendio-en-la-malinche","status":"publish","type":"post","link":"https:\/\/estado29.mx\/?p=46746","title":{"rendered":"Combaten dependecias estatales incendio en la Malinche"},"content":{"rendered":"\n<p><strong>C<\/strong>La Coordinaci\u00f3n General de Ecolog\u00eda (CGE) inform\u00f3 que, de manera coordinada, dependencias estatales combaten el incendio que se registra en el paraje \u201cEl P\u00e1ramo\u201d de La Malinche, a trav\u00e9s de la habilitaci\u00f3n de brechas corta fuegos para contener el siniestro.<\/p>\n\n\n\n<p>Dependencias como la Polic\u00eda de Monta\u00f1a de la Comisi\u00f3n Estatal de Seguridad (CES) participan en los trabajos que iniciaron desde las 10:00 horas de este domingo y en este momento las acciones se centran en evitar que el incendio se extienda.<\/p>\n\n\n\n<p>La CGE dio a conocer que durante la madrugada del lunes se instalar\u00e1 un puesto de comando para continuar con la coordinaci\u00f3n de los trabajos de combate con instancias como el Heroico Cuerpo de Bomberos, la Comisi\u00f3n Nacional Forestal (Conafor), la Coordinaci\u00f3n Estatal de Protecci\u00f3n Civil y la Polic\u00eda de Monta\u00f1a.<\/p>\n\n\n\n<p>El Gobernador Marco Mena, a trav\u00e9s de sus redes sociales inform\u00f3 que no hay personas heridas ni poblaci\u00f3n en riesgo y que los trabajos para contener el incendio contin\u00faan.<\/p>\n\n\n\n<p>En su cuenta de Twitter, el Gobernador Mena public\u00f3: &#8220;Siguen los trabajos para contener el incendio en La Malinche. Trabajan en coordinaci\u00f3n dependencias del @GobTlax y @GobiernoMX. Se estima que las labores de contenci\u00f3n se prolonguen hasta el d\u00eda de ma\u00f1ana, lunes. No hay al momento personas heridas ni poblaci\u00f3n en riesgo.\u201d<\/p>\n\n\n\n<p>En tanto, como parte del protocolo de seguridad, se mantiene coordinaci\u00f3n con las autoridades del estado de Puebla durante las labores de contenci\u00f3n del incendio.<br><\/p>\n","protected":false},"excerpt":{"rendered":"<p>CLa Coordinaci\u00f3n General de Ecolog\u00eda (CGE) inform\u00f3 que, de manera coordinada, dependencias estatales combaten el incendio que se registra en el paraje \u201cEl P\u00e1ramo\u201d de La Malinche, a trav\u00e9s de la habilitaci\u00f3n de brechas corta fuegos para contener el siniestro. Dependencias como la Polic\u00eda de Monta\u00f1a de la Comisi\u00f3n Estatal de Seguridad (CES) participan en [&hellip;]<\/p>\n","protected":false},"author":12,"featured_media":0,"comment_status":"open","ping_status":"open","sticky":false,"template":"","format":"standard","meta":{"om_disable_all_campaigns":false,"_monsterinsights_skip_tracking":false,"_monsterinsights_sitenote_active":false,"_monsterinsights_sitenote_note":"","_monsterinsights_sitenote_category":0,"jnews-multi-image_gallery":[],"jnews_single_post":[],"jnews_primary_category":[],"footnotes":""},"categories":[],"tags":[],"class_list":["post-46746","post","type-post","status-publish","format-standard","hentry"],"aioseo_notices":[],"_links":{"self":[{"href":"https:\/\/estado29.mx\/index.php?rest_route=\/wp\/v2\/posts\/46746","targetHints":{"allow":["GET"]}}],"collection":[{"href":"https:\/\/estado29.mx\/index.php?rest_route=\/wp\/v2\/posts"}],"about":[{"href":"https:\/\/estado29.mx\/index.php?rest_route=\/wp\/v2\/types\/post"}],"author":[{"embeddable":true,"href":"https:\/\/estado29.mx\/index.php?rest_route=\/wp\/v2\/users\/12"}],"replies":[{"embeddable":true,"href":"https:\/\/estado29.mx\/index.php?rest_route=%2Fwp%2Fv2%2Fcomments&post=46746"}],"version-history":[{"count":1,"href":"https:\/\/estado29.mx\/index.php?rest_route=\/wp\/v2\/posts\/46746\/revisions"}],"predecessor-version":[{"id":46749,"href":"https:\/\/estado29.mx\/index.php?rest_route=\/wp\/v2\/posts\/46746\/revisions\/46749"}],"wp:attachment":[{"href":"https:\/\/estado29.mx\/index.php?rest_route=%2Fwp%2Fv2%2Fmedia&parent=46746"}],"wp:term":[{"taxonomy":"category","embeddable":true,"href":"https:\/\/estado29.mx\/index.php?rest_route=%2Fwp%2Fv2%2Fcategories&post=46746"},{"taxonomy":"post_tag","embeddable":true,"href":"https:\/\/estado29.mx\/index.php?rest_route=%2Fwp%2Fv2%2Ftags&post=46746"}],"curies":[{"name":"wp","href":"https:\/\/api.w.org\/{rel}","templated":true}]}}