{"id":46773,"date":"2019-04-22T14:19:06","date_gmt":"2019-04-22T19:19:06","guid":{"rendered":"http:\/\/estado29.mx\/?p=46773"},"modified":"2019-04-22T14:19:27","modified_gmt":"2019-04-22T19:19:27","slug":"a-proposito-del-dia-del-nino","status":"publish","type":"post","link":"https:\/\/estado29.mx\/?p=46773","title":{"rendered":"A prop\u00f3sito del d\u00eda del ni\u00f1o"},"content":{"rendered":"\n<p>A prop\u00f3sito del d\u00eda del ni\u00f1o\nque celebramos el 30 de abril, me permito compartir con ustedes esta reflexi\u00f3n.\nLos problemas a los que se enfrentan las ni\u00f1as y los ni\u00f1os en nuestro pa\u00eds son\nmuchos: la pobreza es uno de ellos, la cual limita el pleno goce de una\nadecuada alimentaci\u00f3n, el acceso a la educaci\u00f3n, a la salud, que se ve a\u00fan m\u00e1s\nlimitada por las adicciones que inician cada vez m\u00e1s tempranamente.<\/p>\n\n\n\n<p>Aunado a lo anterior, la\nviolencia que surge en los diversos espacios en los que se desarrollan como la\nfamilia, la escuela, la calle entre los m\u00e1s importantes y por si fuera poco,\nlas uniones tempranas y los embarazos infantiles as\u00ed como el trabajo forzado\nson entre otras, las adversidades que deben sortear nuestros ni\u00f1os y ni\u00f1as.<\/p>\n\n\n\n<p>\u00bfPero por qu\u00e9 algunas y algunos\nde ellos logran superarlas? Porque desarrollan una adecuada resiliencia, que se\ndefine como \u201cla capacidad que tiene el ser humano para afrontar las\ndificultades y adversidades de la vida, superarlas y transformarlas\u201d<a href=\"#_ftn1\">[1]<\/a>.<\/p>\n\n\n\n<p>Un ni\u00f1o o ni\u00f1a que enfrenta\no haya enfrentado alguna adversidad ser\u00e1 capaz de sobreponerse e incluso salir\nfortalecido, por eso es importante fomentar estas actividades que le ayudan a\ndesarrollar la resiliencia:<\/p>\n\n\n\n<p>1) Que tengan amigos y\namigas, desarrollar una red familiar fuerte.<\/p>\n\n\n\n<p>2) Ense\u00f1arles a ayudar a los\ndem\u00e1s.<\/p>\n\n\n\n<p>3) Fijarse metas.<\/p>\n\n\n\n<p>4) Alimentar su autoestima.<\/p>\n\n\n\n<p>5) Fomentar una actitud\npositiva y una adecuada tolerancia a la frustraci\u00f3n.<\/p>\n\n\n\n<p>6) Promover el\nautoconocimiento y a saber adaptarse&nbsp; a\nlos cambios.<\/p>\n\n\n\n<p>Los ni\u00f1os y las ni\u00f1as\nresilientes tienen una gran autoestima, creen en s\u00ed mismos y conf\u00edan en sus\ncapacidades, son muy seguros y tienen una gran autoconfianza; aprenden de sus\npropios errores y enfrentar la competencia de manera constructiva. <\/p>\n\n\n\n<p>Poseen una gran capacidad y\nhabilidad para resolver problemas de forma positiva; desarrollan habilidades\nsociales que les permiten relacionarse con las personas de su entorno.\nEstablecen metas y poseen una actitud de proactividad que les permite\nalcanzarlas.<\/p>\n\n\n\n<p>Tienen un gran sentido del\nhumor y lo utilizan para controlar sus emociones e incluso controlar\nemocionalmente a los dem\u00e1s. Son ni\u00f1os y ni\u00f1as que r\u00eden mucho&nbsp; y manejan de forma adecuada sus emociones,\nespecialmente del enojo y la ira. Son optimistas y generalmente mantienen\nsentimientos de esperanza, son fervientes creyentes en un ser o ente superior\nque les fomenta la idea de que es posible remontar una situaci\u00f3n por m\u00e1s\ndif\u00edcil que parezca. Son ni\u00f1os y ni\u00f1as con una gran empat\u00eda, pueden colocarse\nf\u00e1cilmente en el lugar de los dem\u00e1s y comprender lo que sienten; tienen una\ngran capacidad de organizaci\u00f3n y planificaci\u00f3n<a href=\"#_ftn2\">[2]<\/a>.<\/p>\n\n\n\n<p>Por ello, es importante\nfomentar en las ni\u00f1as y los ni\u00f1os el desarrollo de estas competencias y\nhabilidades, ya que es una responsabilidad que tenemos como adultos, a la par\nde que debemos continuar trabajando para mejorar sus condiciones de vida. <br><\/p>\n\n\n\n<hr class=\"wp-block-separator\" \/>\n\n\n\n<p><a href=\"#_ftnref1\">[1]<\/a>\nAsociaci\u00f3n Mexicana de Psicolog\u00eda.<\/p>\n\n\n\n<p><a href=\"#_ftnref2\">[2]<\/a> Portal&nbsp; de educaci\u00f3n infantil, primaria y para\npadres. Disponible en educapeques.com.<\/p>\n","protected":false},"excerpt":{"rendered":"<p>A prop\u00f3sito del d\u00eda del ni\u00f1o que celebramos el 30 de abril, me permito compartir con ustedes esta reflexi\u00f3n. Los problemas a los que se enfrentan las ni\u00f1as y los ni\u00f1os en nuestro pa\u00eds son muchos: la pobreza es uno de ellos, la cual limita el pleno goce de una adecuada alimentaci\u00f3n, el acceso a [&hellip;]<\/p>\n","protected":false},"author":33,"featured_media":0,"comment_status":"open","ping_status":"open","sticky":false,"template":"","format":"standard","meta":{"om_disable_all_campaigns":false,"_monsterinsights_skip_tracking":false,"_monsterinsights_sitenote_active":false,"_monsterinsights_sitenote_note":"","_monsterinsights_sitenote_category":0,"jnews-multi-image_gallery":[],"jnews_single_post":[],"jnews_primary_category":[],"footnotes":""},"categories":[],"tags":[],"class_list":["post-46773","post","type-post","status-publish","format-standard","hentry"],"aioseo_notices":[],"_links":{"self":[{"href":"https:\/\/estado29.mx\/index.php?rest_route=\/wp\/v2\/posts\/46773","targetHints":{"allow":["GET"]}}],"collection":[{"href":"https:\/\/estado29.mx\/index.php?rest_route=\/wp\/v2\/posts"}],"about":[{"href":"https:\/\/estado29.mx\/index.php?rest_route=\/wp\/v2\/types\/post"}],"author":[{"embeddable":true,"href":"https:\/\/estado29.mx\/index.php?rest_route=\/wp\/v2\/users\/33"}],"replies":[{"embeddable":true,"href":"https:\/\/estado29.mx\/index.php?rest_route=%2Fwp%2Fv2%2Fcomments&post=46773"}],"version-history":[{"count":1,"href":"https:\/\/estado29.mx\/index.php?rest_route=\/wp\/v2\/posts\/46773\/revisions"}],"predecessor-version":[{"id":46775,"href":"https:\/\/estado29.mx\/index.php?rest_route=\/wp\/v2\/posts\/46773\/revisions\/46775"}],"wp:attachment":[{"href":"https:\/\/estado29.mx\/index.php?rest_route=%2Fwp%2Fv2%2Fmedia&parent=46773"}],"wp:term":[{"taxonomy":"category","embeddable":true,"href":"https:\/\/estado29.mx\/index.php?rest_route=%2Fwp%2Fv2%2Fcategories&post=46773"},{"taxonomy":"post_tag","embeddable":true,"href":"https:\/\/estado29.mx\/index.php?rest_route=%2Fwp%2Fv2%2Ftags&post=46773"}],"curies":[{"name":"wp","href":"https:\/\/api.w.org\/{rel}","templated":true}]}}