{"id":46782,"date":"2019-04-22T15:14:06","date_gmt":"2019-04-22T20:14:06","guid":{"rendered":"http:\/\/estado29.mx\/?p=46782"},"modified":"2019-04-22T15:14:36","modified_gmt":"2019-04-22T20:14:36","slug":"llama-gobernador-marco-mena-al-entendimiento-y-unidad-entre-poderes","status":"publish","type":"post","link":"https:\/\/estado29.mx\/?p=46782","title":{"rendered":"Llama gobernador Marco Mena al entendimiento y unidad entre Poderes"},"content":{"rendered":"\n<p>El gobernador, Marco Antonio Mena Rodr\u00edguez llam\u00f3 a los representantes\nde los Poderes a trabajar para ser referencia por logros propios y dejar atr\u00e1s\ndiferencias leg\u00edtimas para anteponer el bienestar de la gente y el desarrollo\ndel pueblo, esto lo expres\u00f3 en la sesi\u00f3n solemne en el Congreso del Estado para\ndevelar en letras de oro la leyenda &#8220;2019 Conmemoraci\u00f3n de los 500 A\u00f1os\ndel Mestizaje\u201d. <\/p>\n\n\n\n<p>A la sesi\u00f3n solemne asistieron 22 de los 25 integrantes\nde la LXIII Legislatura, adem\u00e1s estuvieron los representantes de los Poderes\nEjecutivo, Legislativo y Judicial, Marco Antonio Mena Rodr\u00edguez, Mayra V\u00e1zquez\nVel\u00e1zquez, y H\u00e9ctor Maldonado Bonilla, respectivamente, quienes coincidieron en\nla necesidad de encauzar esfuerzos, dejas atr\u00e1s intereses individuales o de\ngrupo, &nbsp;y trabajar para potenciar el desarrollo\ndel pueblo tlaxcalteca. <\/p>\n\n\n\n<p>Tambi\u00e9n, estuvo presente el c\u00f3nsul general de la Embajada\nde Espa\u00f1a en M\u00e9xico, Eduardo Aznar Campos,&nbsp;\nquien no hizo ninguna intervenci\u00f3n \u00fanicamente particip\u00f3 en la develaci\u00f3n\nde la leyenda en letras doradas. <\/p>\n\n\n\n<p>En su intervenci\u00f3n, el gobernador Marco Mena destac\u00f3 la\ngesta hist\u00f3rica de hace cinco siglos de los tlaxcaltecas&nbsp; que deriv\u00f3 en su libertad y superar la opresi\u00f3n\ndel imperio Mexica, aprovech\u00f3 para recordar que Tlaxcala nunca estuvo sometida\ncontrario a ello particip\u00f3 en un choque frutal entre dos culturas y fue la\nsemilla de lo que tres siglos despu\u00e9s ser\u00eda una naci\u00f3n independiente. <\/p>\n\n\n\n<p>En ese tenor, el mandatario estatal llam\u00f3 a trabajar para\nser referencia por logros propios y dejar atr\u00e1s diferencias leg\u00edtimas para\nanteponer el bienestar de la gente y el desarrollo del pueblo. <\/p>\n\n\n\n<p>\u201cA 500 a\u00f1os de distancia es importante valorar la\ntrascendencia de&nbsp; los acuerdos y la\nnecesidad de la unidad para construir juntos el entendimiento entre poderes y\nniveles de gobierno que se transforme en condiciones y futuro promisorio para\nlas familias y sus hijos tlaxcaltecas. Disputas pol\u00edticas, conflictos internos,\nha tenido muchos a lo largo de las d\u00e9cadas y no han dejado nada bueno para el\npueblo de Tlaxcala, si bien tal vez para unos cuantos, no es lo que queremos,\nel nuevo tiempo pol\u00edtico nos convoca a todos a hacer valer nuestra capacidad de\nadaptarnos a las nuevas condiciones pol\u00edticas asumiendo una actitud de respeto\na las ideas de otros y de cooperaci\u00f3n para mantenernos como una sociedad que\ncrece y se consolida\u201d. <\/p>\n\n\n\n<p>En su oportunidad, el presidente del Poder Judicial,\nH\u00e9ctor Maldonado, record\u00f3 que en el plano nacional &nbsp;hay un momento de transformaci\u00f3n y una nueva\nvisi\u00f3n de gobernar, \u201cgobernar para todos sin distinci\u00f3n, sin exclusi\u00f3n y\nsobretodo con un sentido social\u201d, por lo que \u201ces momento de legislar y generar\npol\u00edticas p\u00fablicas de vanguardia que impacten positivamente en el \u00e1mbito\necon\u00f3mico, social, pol\u00edtico, desde luego en la seguridad p\u00fablica, el empleo, la\ninfraestructura, en la procuraci\u00f3n e impartici\u00f3n de justicia y por sobretodo en\nel bienestar de la ciudadan\u00eda\u201d. <\/p>\n\n\n\n<p>En tanto que la presidenta&nbsp; la Mesa Directiva del Congreso del Estado,\nMayra V\u00e1zquez, subray\u00f3 que en estos tiempos el gobierno y la sociedad deben\ntener la capacidad de sumar y encausar los esfuerzos individuales y colectivos\npara hacer posible vislumbrar un horizonte prometedor para Tlaxcala y M\u00e9xico. <\/p>\n","protected":false},"excerpt":{"rendered":"<p>El gobernador, Marco Antonio Mena Rodr\u00edguez llam\u00f3 a los representantes de los Poderes a trabajar para ser referencia por logros propios y dejar atr\u00e1s diferencias leg\u00edtimas para anteponer el bienestar de la gente y el desarrollo del pueblo, esto lo expres\u00f3 en la sesi\u00f3n solemne en el Congreso del Estado para develar en letras de [&hellip;]<\/p>\n","protected":false},"author":31,"featured_media":0,"comment_status":"open","ping_status":"open","sticky":false,"template":"","format":"standard","meta":{"om_disable_all_campaigns":false,"_monsterinsights_skip_tracking":false,"_monsterinsights_sitenote_active":false,"_monsterinsights_sitenote_note":"","_monsterinsights_sitenote_category":0,"jnews-multi-image_gallery":[],"jnews_single_post":[],"jnews_primary_category":[],"footnotes":""},"categories":[],"tags":[],"class_list":["post-46782","post","type-post","status-publish","format-standard","hentry"],"aioseo_notices":[],"_links":{"self":[{"href":"https:\/\/estado29.mx\/index.php?rest_route=\/wp\/v2\/posts\/46782","targetHints":{"allow":["GET"]}}],"collection":[{"href":"https:\/\/estado29.mx\/index.php?rest_route=\/wp\/v2\/posts"}],"about":[{"href":"https:\/\/estado29.mx\/index.php?rest_route=\/wp\/v2\/types\/post"}],"author":[{"embeddable":true,"href":"https:\/\/estado29.mx\/index.php?rest_route=\/wp\/v2\/users\/31"}],"replies":[{"embeddable":true,"href":"https:\/\/estado29.mx\/index.php?rest_route=%2Fwp%2Fv2%2Fcomments&post=46782"}],"version-history":[{"count":1,"href":"https:\/\/estado29.mx\/index.php?rest_route=\/wp\/v2\/posts\/46782\/revisions"}],"predecessor-version":[{"id":46785,"href":"https:\/\/estado29.mx\/index.php?rest_route=\/wp\/v2\/posts\/46782\/revisions\/46785"}],"wp:attachment":[{"href":"https:\/\/estado29.mx\/index.php?rest_route=%2Fwp%2Fv2%2Fmedia&parent=46782"}],"wp:term":[{"taxonomy":"category","embeddable":true,"href":"https:\/\/estado29.mx\/index.php?rest_route=%2Fwp%2Fv2%2Fcategories&post=46782"},{"taxonomy":"post_tag","embeddable":true,"href":"https:\/\/estado29.mx\/index.php?rest_route=%2Fwp%2Fv2%2Ftags&post=46782"}],"curies":[{"name":"wp","href":"https:\/\/api.w.org\/{rel}","templated":true}]}}