{"id":46791,"date":"2019-04-22T15:52:43","date_gmt":"2019-04-22T20:52:43","guid":{"rendered":"http:\/\/estado29.mx\/?p=46791"},"modified":"2019-04-22T16:26:09","modified_gmt":"2019-04-22T21:26:09","slug":"incendio-en-la-malinche-dejo-76-8-hectareas-afectadas-de-zacaton","status":"publish","type":"post","link":"https:\/\/estado29.mx\/?p=46791","title":{"rendered":"Incendio en la Malinche dej\u00f3 76.8 hect\u00e1reas afectadas de zacat\u00f3n"},"content":{"rendered":"\n<p><em>Se sofoc\u00f3 el incendio a las 10: 30 horas de este lunes 22\nde abril <\/em><\/p>\n\n\n\n<p>Este lunes se sofoc\u00f3\nel incendio que se present\u00f3 en el Parque Nacional la Malinche (PNM), en el\nlugar conocido como \u201cEl P\u00e1ramo\u201d, y que afect\u00f3 76.8 hect\u00e1reas de zacat\u00f3n o pasto\ny no arbolado, que se suscit\u00f3 el domingo 21 de abril, y el cual fue controlado\nen su totalidad durante la ma\u00f1ana del 22 de abril, esto, despu\u00e9s del trabajo que\nrealizaron 100 brigadistas. <\/p>\n\n\n\n<p>V\u00edctor Gonz\u00e1lez Reza,\nrepresentante legal de la Comisi\u00f3n Nacional Forestal (Conafor), destac\u00f3 que\ndurante este a\u00f1o, se han presentado 41 incendios forestales, que han afectado\nmil 102 hect\u00e1reas en 19 municipios de Tlaxcala; lo que coloca a la entidad en\nel quinto lugar a nivel nacional, en este tipo de sucesos. <\/p>\n\n\n\n<p>En rueda de prensa,\nautoridades estatales y federales, dieron a conocer que este trabajo se hizo durante\nla tarde, noche y madrugada del 21 y 22 de abril, y se vio interrumpido porque\nhab\u00eda viento y se pon\u00eda en riesgo a los brigadistas. <\/p>\n\n\n\n<p> \u201cEso de las seis y media llegaron la brigadas de seguridad, de la comisi\u00f3n forestal y de protecci\u00f3n civil, quienes lo atacaron y lo fueron cercando hicieron contra fuego, y a las 10:30 lo sofocaron. Informales que fue zacat\u00f3n, no hay\u00a0 ninguna zona arbolada afectada, alguien en redes sociales, manej\u00f3 \u00e1rboles afectados, no son, y nada tiene que ver con la monta\u00f1a\u201d, detall\u00f3 el Coordinador General de Ecolog\u00eda (CGE), Efra\u00edn Flores Hern\u00e1ndez. <\/p>\n\n\n\n<p>El Coordinador Estatal\nde Protecci\u00f3n Civil (CEPC), Jos\u00e9 Antonio Hern\u00e1ndez Ram\u00edrez, se\u00f1al\u00f3 que se\napoyaron de las \u00e1reas de protecci\u00f3n civil de los municipios y gestionaron, alimentaci\u00f3n\ne hidrataci\u00f3n de los brigadistas. <\/p>\n\n\n\n<p>Asimismo, indicaron\nque est\u00e1n armando un expediente de este suceso, ya que en redes sociales\ncircula un video de un supuesto culpable.<\/p>\n\n\n\n<p>Aunado, para combatir la erosi\u00f3n del subsuelo, se van a plantar 1.5 millones de \u00e1rboles.  \u201cTodos aquellos que tienen inter\u00e9s de participar que se acerque a la CGE, donde les podremos informar, as\u00ed como en la CEPC, Conafor y seguridad p\u00fablica. Debemos ser prudentes, no basta con querer combatir un incendio, debe ser personal capacitado para combatir los incendios forestales\u201d. <\/p>\n\n\n\n<p>Agregaron, que hay\nreglas muy espec\u00edficas, no se tendr\u00eda que llegar al extremo de una prohibici\u00f3n\npara hacer fogatas, sin embargo se tiene que revisar esto, ya que para tomar\nuna decisi\u00f3n se requiere de la opini\u00f3n de varias instancias, ya que tambi\u00e9n en\nel Parque Nacional Malinche influyen otras autoridades, como la Semarnat.<\/p>\n","protected":false},"excerpt":{"rendered":"<p>Se sofoc\u00f3 el incendio a las 10: 30 horas de este lunes 22 de abril Este lunes se sofoc\u00f3 el incendio que se present\u00f3 en el Parque Nacional la Malinche (PNM), en el lugar conocido como \u201cEl P\u00e1ramo\u201d, y que afect\u00f3 76.8 hect\u00e1reas de zacat\u00f3n o pasto y no arbolado, que se suscit\u00f3 el domingo [&hellip;]<\/p>\n","protected":false},"author":28,"featured_media":0,"comment_status":"open","ping_status":"open","sticky":false,"template":"","format":"standard","meta":{"om_disable_all_campaigns":false,"_monsterinsights_skip_tracking":false,"_monsterinsights_sitenote_active":false,"_monsterinsights_sitenote_note":"","_monsterinsights_sitenote_category":0,"jnews-multi-image_gallery":[],"jnews_single_post":[],"jnews_primary_category":[],"footnotes":""},"categories":[],"tags":[],"class_list":["post-46791","post","type-post","status-publish","format-standard","hentry"],"aioseo_notices":[],"_links":{"self":[{"href":"https:\/\/estado29.mx\/index.php?rest_route=\/wp\/v2\/posts\/46791","targetHints":{"allow":["GET"]}}],"collection":[{"href":"https:\/\/estado29.mx\/index.php?rest_route=\/wp\/v2\/posts"}],"about":[{"href":"https:\/\/estado29.mx\/index.php?rest_route=\/wp\/v2\/types\/post"}],"author":[{"embeddable":true,"href":"https:\/\/estado29.mx\/index.php?rest_route=\/wp\/v2\/users\/28"}],"replies":[{"embeddable":true,"href":"https:\/\/estado29.mx\/index.php?rest_route=%2Fwp%2Fv2%2Fcomments&post=46791"}],"version-history":[{"count":2,"href":"https:\/\/estado29.mx\/index.php?rest_route=\/wp\/v2\/posts\/46791\/revisions"}],"predecessor-version":[{"id":46800,"href":"https:\/\/estado29.mx\/index.php?rest_route=\/wp\/v2\/posts\/46791\/revisions\/46800"}],"wp:attachment":[{"href":"https:\/\/estado29.mx\/index.php?rest_route=%2Fwp%2Fv2%2Fmedia&parent=46791"}],"wp:term":[{"taxonomy":"category","embeddable":true,"href":"https:\/\/estado29.mx\/index.php?rest_route=%2Fwp%2Fv2%2Fcategories&post=46791"},{"taxonomy":"post_tag","embeddable":true,"href":"https:\/\/estado29.mx\/index.php?rest_route=%2Fwp%2Fv2%2Ftags&post=46791"}],"curies":[{"name":"wp","href":"https:\/\/api.w.org\/{rel}","templated":true}]}}