{"id":46797,"date":"2019-04-22T16:26:12","date_gmt":"2019-04-22T21:26:12","guid":{"rendered":"http:\/\/estado29.mx\/?p=46797"},"modified":"2019-04-22T16:26:44","modified_gmt":"2019-04-22T21:26:44","slug":"sin-claridad-aumento-salarial-para-trabajadores-del-sindicato-7-de-mayo-omg","status":"publish","type":"post","link":"https:\/\/estado29.mx\/?p=46797","title":{"rendered":"Sin claridad aumento salarial para trabajadores del sindicato 7 de Mayo: OMG"},"content":{"rendered":"\n<p>El titular de la Oficial\u00eda Mayor de Gobierno (OMG), Luis\n\u00c1lvarez Landa inform\u00f3 que a\u00fan no hay claridad con respecto al porcentaje de\naumento al salario de los trabajadores adheridos al Sindicato \u201c7 de Mayo\u201d para\neste 2019, esto a escasos 15 d\u00edas de que la dirigencia celebre su 63 aniversario\nque es cuando anuncian los resultados de la negociaci\u00f3n del contrato colectivo\nde trabajo. <\/p>\n\n\n\n<p>Entrevistado al respecto, el funcionario estatal coment\u00f3\nque estar\u00e1n definiendo el monto con base a lo que el Congreso del Estado haya\netiquetado para ese rubro, por lo que actualmente est\u00e1n analizando los posibles\nescenarios para presentarlos a la dirigencia sindical del 7 de mayo para poder\nllegar a un acuerdo. <\/p>\n\n\n\n<p>Lo que dej\u00f3 entrever es que por la situaci\u00f3n presupuestal\nde este a\u00f1o, no se podr\u00e1 cumplir con el 16 por ciento de aumento salarial que\nsolicit\u00f3 el sindicato, por lo que se ajustar\u00e1 a lo que la estructura\npresupuestal permita, y record\u00f3 que si bien en el a\u00f1o 2018 fue del 11 por\nciento directo al salario, en esta ocasi\u00f3n no se tiene una claridad respecto al\nporcentaje. <\/p>\n\n\n\n<p><strong>\u201c<\/strong>Ha habido\nincrementos en su momento la estructura del presupuesto lo permit\u00eda, no es\nporque haya sido a\u00f1o electoral tu revisa el a\u00f1o anterior y es pr\u00e1cticamente\nsimilar el aumento que se dio, ahorita lo que estamos haciendo es conforme a\ncomo est\u00e1 estructurado el presupuesto lo que nosotros nos dieron de previsi\u00f3n\nsalarial es para ver para qu\u00e9 nos podr\u00e1 alcanzar &nbsp;no estamos en las mismas condiciones que en\na\u00f1os anteriores\u201d. <\/p>\n\n\n\n<p>Por eso, aun no existe un margen de negociaci\u00f3n para\npresentar a la dirigencia sindical, por lo que deber\u00e1 sostener una reuni\u00f3n con\nel Secretario General, Edgar Tlapale Ram\u00edrez para analizar la propuesta del\nGobierno del Estado. <\/p>\n\n\n\n<p>Record\u00f3 que hay mil 103 trabajadores adheridos al sindicato\ny que est\u00e1n adscritas al Poder Ejecutivo local, quienes estar\u00e1n celebrando su\n63 aniversario el 7 de Mayo pr\u00f3ximo fecha en la que deber\u00e1 quedar concretado el\ncontrato colectivo de trabajo. <\/p>\n\n\n\n<p>\u201cDar\u00e1 tiempo hemos siempre tenido una buena relaci\u00f3n con\nel sindicato para ellos el tiempo apremia pero para nosotros lo que necesitamos\ndarle certeza a los trabajadores de lo que se les podemos ofrecer este a\u00f1o\u201d. <\/p>\n","protected":false},"excerpt":{"rendered":"<p>El titular de la Oficial\u00eda Mayor de Gobierno (OMG), Luis \u00c1lvarez Landa inform\u00f3 que a\u00fan no hay claridad con respecto al porcentaje de aumento al salario de los trabajadores adheridos al Sindicato \u201c7 de Mayo\u201d para este 2019, esto a escasos 15 d\u00edas de que la dirigencia celebre su 63 aniversario que es cuando anuncian [&hellip;]<\/p>\n","protected":false},"author":31,"featured_media":0,"comment_status":"open","ping_status":"open","sticky":false,"template":"","format":"standard","meta":{"om_disable_all_campaigns":false,"_monsterinsights_skip_tracking":false,"_monsterinsights_sitenote_active":false,"_monsterinsights_sitenote_note":"","_monsterinsights_sitenote_category":0,"jnews-multi-image_gallery":[],"jnews_single_post":[],"jnews_primary_category":[],"footnotes":""},"categories":[],"tags":[],"class_list":["post-46797","post","type-post","status-publish","format-standard","hentry"],"aioseo_notices":[],"_links":{"self":[{"href":"https:\/\/estado29.mx\/index.php?rest_route=\/wp\/v2\/posts\/46797","targetHints":{"allow":["GET"]}}],"collection":[{"href":"https:\/\/estado29.mx\/index.php?rest_route=\/wp\/v2\/posts"}],"about":[{"href":"https:\/\/estado29.mx\/index.php?rest_route=\/wp\/v2\/types\/post"}],"author":[{"embeddable":true,"href":"https:\/\/estado29.mx\/index.php?rest_route=\/wp\/v2\/users\/31"}],"replies":[{"embeddable":true,"href":"https:\/\/estado29.mx\/index.php?rest_route=%2Fwp%2Fv2%2Fcomments&post=46797"}],"version-history":[{"count":1,"href":"https:\/\/estado29.mx\/index.php?rest_route=\/wp\/v2\/posts\/46797\/revisions"}],"predecessor-version":[{"id":46801,"href":"https:\/\/estado29.mx\/index.php?rest_route=\/wp\/v2\/posts\/46797\/revisions\/46801"}],"wp:attachment":[{"href":"https:\/\/estado29.mx\/index.php?rest_route=%2Fwp%2Fv2%2Fmedia&parent=46797"}],"wp:term":[{"taxonomy":"category","embeddable":true,"href":"https:\/\/estado29.mx\/index.php?rest_route=%2Fwp%2Fv2%2Fcategories&post=46797"},{"taxonomy":"post_tag","embeddable":true,"href":"https:\/\/estado29.mx\/index.php?rest_route=%2Fwp%2Fv2%2Ftags&post=46797"}],"curies":[{"name":"wp","href":"https:\/\/api.w.org\/{rel}","templated":true}]}}